{"id":206951,"date":"2022-02-21T13:24:33","date_gmt":"2022-02-21T17:24:33","guid":{"rendered":"https:\/\/elluchador.info\/web\/?p=206951"},"modified":"2022-02-21T13:24:33","modified_gmt":"2022-02-21T17:24:33","slug":"nucleo-ciudad-bolivar-sistema-de-orquestas-y-coros-juveniles-e-infantiles-de-venezuela-celebra-47mo-aniversario","status":"publish","type":"post","link":"https:\/\/elluchador.info\/?p=206951","title":{"rendered":"N\u00facleo Ciudad Bol\u00edvar Sistema de orquestas y Coros Juveniles e Infantiles de Venezuela celebra 47mo aniversario"},"content":{"rendered":"<p>Con un extraordinario concierto realizado en la Sala \u201cAntonio Lauro\u201d, de la sede del N\u00facleo Ciudad Bol\u00edvar, ubicado en el Centro Cultural Bolivar, parroquia Vista Hermosa, se celebr\u00f3 el 47mo aniversario del Sistema de Orquestas y Coros Juveniles e Infantiles de Venezuela y el 203er aniversario del discurso del Congreso de Angostura.<\/p>\n<p>Bajo la direcci\u00f3n magistral del Maestro Dino Pronio, director de este n\u00facleo, se inici\u00f3 este hermoso evento lleno de emotividad por el significado de tales celebraciones.<\/p>\n<figure id=\"attachment_206952\" aria-describedby=\"caption-attachment-206952\" style=\"width: 1004px\" class=\"wp-caption alignnone\"><img loading=\"lazy\" decoding=\"async\" class=\"size-full wp-image-206952\" src=\"https:\/\/elluchador.info\/web\/wp-content\/uploads\/2022\/02\/d947bd59-ffaf-43ab-a63b-2cffe2bd12f0.jpg\" alt=\"\" width=\"1004\" height=\"1080\" srcset=\"https:\/\/elluchador.info\/wp-content\/uploads\/2022\/02\/d947bd59-ffaf-43ab-a63b-2cffe2bd12f0.jpg 1004w, https:\/\/elluchador.info\/wp-content\/uploads\/2022\/02\/d947bd59-ffaf-43ab-a63b-2cffe2bd12f0-279x300.jpg 279w, https:\/\/elluchador.info\/wp-content\/uploads\/2022\/02\/d947bd59-ffaf-43ab-a63b-2cffe2bd12f0-952x1024.jpg 952w, https:\/\/elluchador.info\/wp-content\/uploads\/2022\/02\/d947bd59-ffaf-43ab-a63b-2cffe2bd12f0-768x826.jpg 768w, https:\/\/elluchador.info\/wp-content\/uploads\/2022\/02\/d947bd59-ffaf-43ab-a63b-2cffe2bd12f0-390x420.jpg 390w, https:\/\/elluchador.info\/wp-content\/uploads\/2022\/02\/d947bd59-ffaf-43ab-a63b-2cffe2bd12f0-640x688.jpg 640w, https:\/\/elluchador.info\/wp-content\/uploads\/2022\/02\/d947bd59-ffaf-43ab-a63b-2cffe2bd12f0-681x733.jpg 681w\" sizes=\"auto, (max-width: 1004px) 100vw, 1004px\" \/><figcaption id=\"caption-attachment-206952\" class=\"wp-caption-text\">Maestro Dino Pronio dirigi\u00f3 magistralmente<\/figcaption><\/figure>\n<p>La presentaci\u00f3n estuvo a cargo del Dr Andr\u00e9s Eloy Maza, padrino sempiterno del n\u00facleo, quien expres\u00f3 con gran emoci\u00f3n, memorias para recordar los inicios de este hermoso proyecto social: \u201dEl Sistema\u201d como se conoce este hermoso proyecto social y cultural, se inici\u00f3 hace ya 47 a\u00f1os un 12 de febrero de 1975, cuando el Mtro Jos\u00e9 Antonio Abreu, creador de esta acci\u00f3n social, pidi\u00f3 prestados 60 atriles y solo lo acompa\u00f1aron 11 m\u00fasicos, lo que lejos de desmotivarlo lo llev\u00f3 a emprender un camino extraordinario de trabajo social que hoy se refleja en m\u00e1s de 1.012.077 beneficiarios, 1.722 agrupaciones orqu\u00e9stales, 1.426 agrupaciones corales, 443 n\u00facleos y 1.704 m\u00f3dulos que han inspirado a m\u00e1s de 70 pa\u00edses a desarrollar proyectos iguales o parecidos con el \u00e9xito inobjetable del nuestro!\u201d.<\/p>\n<p>Adem\u00e1s, continu\u00f3 diciendo \u201c programas como este deben ser siempre apoyados y protegidos no solo por el Estado si no tambi\u00e9n por la sociedad en general, empresarios, fundaciones, particulares que tengan la gracia de aportar para el fortalecimiento del mismo, lo cual ser\u00e1 retribuido con el orgullo de ver formados ni\u00f1os, ni\u00f1as, adolescentes, j\u00f3venes y no tan j\u00f3venes como m\u00fasicos profesionales, quienes alegran cada rinc\u00f3n de nuestro amado pa\u00eds y dejan el nombre de nuestro pa\u00eds en alto en cada presentaci\u00f3n internacional en la que hacen saber su nacimiento musical en este proyecto\u201d.<\/p>\n<p>Para dar inicio al concierto, se present\u00f3 saludos de parte del Director ejecutivo Nacional, Dr Eduardo M\u00e9ndez, el director musical y r\u00e9cord mundial, Mtro Andr\u00e9s David Ascanio Abreu y el director del n\u00facleo, Mtro Dino Pronio y el equipo de trabajo que le acompa\u00f1a, para luego solicitar 1 minuto de silencio por la partida f\u00edsica de quien dio todo de s\u00ed para este n\u00facleo, la Sra Nidia Torres \u201cmamita\u201d, quien en meses pasados dej\u00f3 un legado de amor por este espacio de formaci\u00f3n musical\u201d.<\/p>\n<p>El espect\u00e1culo musical inici\u00f3 con la presentaci\u00f3n de noveles m\u00fasicos con recitales en d\u00fao y sexteto de cuerdas conformados por Angel Valdez (Viola I) y Efren Saavedra (Viola II) quienes interpretaron \u201cConcierto nro 1 en tres movimientos\u201d de Karl Stamitz, que recibi\u00f3 aplausos nutridos del p\u00fablico presente, para dar paso a Fernando Rivas (Viol\u00edn I), Juan Diego D\u00edaz (Viol\u00edn II), Cristian Arcila (Viola), Erick Hern\u00e1ndez (Violoncello), Lizcarlis L\u00f3pez (Contrabajo) y Efren Saavedra (Cuatro) quienes deleitaron a los presentes con \u201cConticinio\u201d de Laudelino Mejias, con arreglos de Fernando Rivas. La tercera obra cont\u00f3 con la ejecuci\u00f3n de toda la orquesta presente, conformada con integrantes del proyecto infantil y juvenil, acompa\u00f1ados de sus instructores, quienes bajo la direcci\u00f3n de Fernando Rivas, levantaron de sus asientos a la audiencia con una pieza de su autor\u00eda, \u201cAl lado del Orinoco\u201d, luego \u201cMerengue del primer dedo\u201d de Carlos Medrano para finalizar su conducci\u00f3n orquestal con \u201cChamambo\u201d de Manuel Artes, pieza que se reconoce en el mundo por la particular manera de ejecutarla por los m\u00fasicos bailando con sus instrumentos.<\/p>\n<p>En este punto la sala recibi\u00f3 bajo una lluvia de aplausos al Director Mtro Dino Pronio quien dirigir\u00eda \u201cViajera del R\u00edo\u201d de Manuel Yanez, con arreglos del Mtro Orlando Flores, en la voz de Carmen Cordova, y \u201cAires de Venezuela\u201d de Jos\u00e9 Terenzio, siendo ovacionados por una sala de pie, gritando un \u201cOtra, otra, otra!\u201d, solicitud que fue complacida con el calipso \u201cGuayana es\u201d, acompa\u00f1ados de la voz del Mtro Dario Bastardo y parte del coro del n\u00facleo.<\/p>\n<p>Estas \u00faltimas piezas fueron dedicadas al sentimiento patrio por la celebraci\u00f3n del aniversario del c\u00e9lebre discurso del Libertador en el Congreso de Angostura hace ya 203 a\u00f1os. Especial Gabriela Simosa\/im\u00e1genes Andr\u00e9s Maza.<\/p>\n<p><strong>Especial\/Prensa OSCBL<\/strong><\/p>\n","protected":false},"excerpt":{"rendered":"<p>Con un extraordinario concierto realizado en la Sala \u201cAntonio Lauro\u201d, de la sede del N\u00facleo Ciudad Bol\u00edvar, ubicado en el Centro Cultural Bolivar, parroquia Vista Hermosa, se celebr\u00f3 el 47mo aniversario del Sistema de Orquestas y Coros Juveniles e Infantiles de Venezuela y el 203er aniversario del discurso del Congreso de Angostura. Bajo la direcci\u00f3n [&hellip;]<\/p>\n","protected":false},"author":2,"featured_media":0,"comment_status":"closed","ping_status":"closed","sticky":false,"template":"","format":"standard","meta":{"footnotes":""},"categories":[5,12],"tags":[],"class_list":{"0":"post-206951","1":"post","2":"type-post","3":"status-publish","4":"format-standard","6":"category-destacado","7":"category-regionales"},"_links":{"self":[{"href":"https:\/\/elluchador.info\/index.php?rest_route=\/wp\/v2\/posts\/206951","targetHints":{"allow":["GET"]}}],"collection":[{"href":"https:\/\/elluchador.info\/index.php?rest_route=\/wp\/v2\/posts"}],"about":[{"href":"https:\/\/elluchador.info\/index.php?rest_route=\/wp\/v2\/types\/post"}],"author":[{"embeddable":true,"href":"https:\/\/elluchador.info\/index.php?rest_route=\/wp\/v2\/users\/2"}],"replies":[{"embeddable":true,"href":"https:\/\/elluchador.info\/index.php?rest_route=%2Fwp%2Fv2%2Fcomments&post=206951"}],"version-history":[{"count":1,"href":"https:\/\/elluchador.info\/index.php?rest_route=\/wp\/v2\/posts\/206951\/revisions"}],"predecessor-version":[{"id":206953,"href":"https:\/\/elluchador.info\/index.php?rest_route=\/wp\/v2\/posts\/206951\/revisions\/206953"}],"wp:attachment":[{"href":"https:\/\/elluchador.info\/index.php?rest_route=%2Fwp%2Fv2%2Fmedia&parent=206951"}],"wp:term":[{"taxonomy":"category","embeddable":true,"href":"https:\/\/elluchador.info\/index.php?rest_route=%2Fwp%2Fv2%2Fcategories&post=206951"},{"taxonomy":"post_tag","embeddable":true,"href":"https:\/\/elluchador.info\/index.php?rest_route=%2Fwp%2Fv2%2Ftags&post=206951"}],"curies":[{"name":"wp","href":"https:\/\/api.w.org\/{rel}","templated":true}]}}