{"id":206957,"date":"2022-02-21T15:21:00","date_gmt":"2022-02-21T19:21:00","guid":{"rendered":"https:\/\/elluchador.info\/web\/?p=206957"},"modified":"2022-02-21T15:21:00","modified_gmt":"2022-02-21T19:21:00","slug":"pastor-vidal-velasco-recibio-reconocimiento-por-promover-la-paz","status":"publish","type":"post","link":"https:\/\/elluchador.info\/?p=206957","title":{"rendered":"Pastor Vidal Velasco recibi\u00f3 reconocimiento por promover la Paz"},"content":{"rendered":"<div dir=\"auto\">Por la buena voluntad de ayudar al pr\u00f3jimo, sin discriminaci\u00f3n alguna, fue reconocida la labor social cristiana, que viene\u00a0 realizando el pastor Vidal Velasco, junto a un grupo de l\u00edderes promotores del evangelio, miembros que siempre le acompa\u00f1an, dispuestos a llevar el mensaje del evangelio a los recluidos que se encuentran en el CICPC de Ciudad Bol\u00edvar. Para contribuir con la regeneraci\u00f3n de estas personas a la sociedad.<\/div>\n<div dir=\"auto\"><\/div>\n<div dir=\"auto\">Acto que realiz\u00f3 los cuerpos de seguridad de prevenci\u00f3n del delito, que hacen vida en el estado Bol\u00edvar. Donde entregaron una serie de reconocimiento a distintas personalidades, para quienes han aportado su grano de arena, que incitan a seguir generando la sana paz en la sociedad Guayanesa.<\/div>\n<div dir=\"auto\"><\/div>\n<div dir=\"auto\">Por tal reconocimiento, el pastor Vidal Velasco manifest\u00f3 que \u00bb Este reconocimiento es por el trabajo espiritual, en los centros penitenciarios, en el CICPC de Ciudad Bol\u00edvar,\u00a0 Dios ha visto el trabajo y desempe\u00f1o de coraz\u00f3n, para llevar un mensaje de esperanza y Dios est\u00e1 dando los resultado del trabajo. Dios ha venido hablando de que este es un comienzo, donde ten\u00eda muchas cosas para el estado Bol\u00edvar, comenzando por Ciudad Bol\u00edvar, en honrar a sus hijos\u00bb<\/div>\n<div dir=\"auto\"><\/div>\n<div dir=\"auto\">\u00abAgradezco a las autoridades en materia de seguridad ciudadana y prevenci\u00f3n del delito, por tomarme en cuenta en este reconocimiento p\u00fablico. Este es un trabajo en conjunto del equipo que siempre me acompa\u00f1a, hombres que han cre\u00eddo a a Dios y que son honrados a trav\u00e9s de su pastor Vidal Velasco, siervos de propagar el evangelio, como el pastor Alex Betancourt, Jhon Sebastiani, Gregorio Salazar. Este trabajo tambi\u00e9n es gracias a expresos Maranatha que es quien nos traslada y nos presta el apoyo para que el prop\u00f3sito de Dios pueda llegar al lugar donde Dios quiera llevarnos\u00bb, refiri\u00f3 Velasco.<\/div>\n<div dir=\"auto\"><\/div>\n<div dir=\"auto\">Velasco agreg\u00f3 que en\u00a0 el acto estuvo presente representantes de prevenci\u00f3n del delito, coordinador\u00a0 general de la direcci\u00f3n de Prevenci\u00f3n del delito en el estado Bol\u00edvar, licenciado Roberto Mayo, Mario Pacheco del CICPC,\u00a0 por la Zodi el general Ochoa, Jos\u00e9 Ramos en representaci\u00f3n de la polic\u00eda del estado, coronel Paulino Ferrer, comandante de la Polic\u00eda Nacional Bolivariana del estado Bol\u00edvar, y otras autoridades en materia de seguridad que estuvieron presentes.<\/div>\n<div dir=\"auto\"><\/div>\n<div dir=\"auto\">Yanitza Mart\u00ednez CNP 19.403<\/div>\n<div dir=\"auto\"><\/div>\n","protected":false},"excerpt":{"rendered":"<p>Por la buena voluntad de ayudar al pr\u00f3jimo, sin discriminaci\u00f3n alguna, fue reconocida la labor social cristiana, que viene\u00a0 realizando el pastor Vidal Velasco, junto a un grupo de l\u00edderes promotores del evangelio, miembros que siempre le acompa\u00f1an, dispuestos a llevar el mensaje del evangelio a los recluidos que se encuentran en el CICPC de [&hellip;]<\/p>\n","protected":false},"author":2,"featured_media":206958,"comment_status":"closed","ping_status":"closed","sticky":false,"template":"","format":"standard","meta":{"footnotes":""},"categories":[5,12],"tags":[],"class_list":{"0":"post-206957","1":"post","2":"type-post","3":"status-publish","4":"format-standard","5":"has-post-thumbnail","7":"category-destacado","8":"category-regionales"},"_links":{"self":[{"href":"https:\/\/elluchador.info\/index.php?rest_route=\/wp\/v2\/posts\/206957","targetHints":{"allow":["GET"]}}],"collection":[{"href":"https:\/\/elluchador.info\/index.php?rest_route=\/wp\/v2\/posts"}],"about":[{"href":"https:\/\/elluchador.info\/index.php?rest_route=\/wp\/v2\/types\/post"}],"author":[{"embeddable":true,"href":"https:\/\/elluchador.info\/index.php?rest_route=\/wp\/v2\/users\/2"}],"replies":[{"embeddable":true,"href":"https:\/\/elluchador.info\/index.php?rest_route=%2Fwp%2Fv2%2Fcomments&post=206957"}],"version-history":[{"count":1,"href":"https:\/\/elluchador.info\/index.php?rest_route=\/wp\/v2\/posts\/206957\/revisions"}],"predecessor-version":[{"id":206959,"href":"https:\/\/elluchador.info\/index.php?rest_route=\/wp\/v2\/posts\/206957\/revisions\/206959"}],"wp:featuredmedia":[{"embeddable":true,"href":"https:\/\/elluchador.info\/index.php?rest_route=\/wp\/v2\/media\/206958"}],"wp:attachment":[{"href":"https:\/\/elluchador.info\/index.php?rest_route=%2Fwp%2Fv2%2Fmedia&parent=206957"}],"wp:term":[{"taxonomy":"category","embeddable":true,"href":"https:\/\/elluchador.info\/index.php?rest_route=%2Fwp%2Fv2%2Fcategories&post=206957"},{"taxonomy":"post_tag","embeddable":true,"href":"https:\/\/elluchador.info\/index.php?rest_route=%2Fwp%2Fv2%2Ftags&post=206957"}],"curies":[{"name":"wp","href":"https:\/\/api.w.org\/{rel}","templated":true}]}}