{"id":207051,"date":"2022-02-22T22:01:17","date_gmt":"2022-02-23T02:01:17","guid":{"rendered":"https:\/\/elluchador.info\/web\/?p=207051"},"modified":"2022-02-22T22:01:17","modified_gmt":"2022-02-23T02:01:17","slug":"el-richita-y-el-vampi-fueron-abatidos-por-cuerpos-policiales","status":"publish","type":"post","link":"https:\/\/elluchador.info\/?p=207051","title":{"rendered":"\u201cEl Richita\u201d y \u201cEl Vampi\u201d fueron abatidos por cuerpos policiales"},"content":{"rendered":"<p>Dos individuos cayeron abatidos, aparentemente luego de hacer frente a una comisi\u00f3n de la Guardia Nacional, el supuesto enfrentamiento se registr\u00f3 en la poblaci\u00f3n de El Manteco, parroquia Pedro Cova del municipio Piar.<\/p>\n<p>Alto cargo de la instituci\u00f3n castrense identific\u00f3 a los sujetos por los apodos: \u201cEl Richita\u201d y \u201cEl Vampi\u201d, ambos miembros de la banda de El Ciego.<\/p>\n<p>El parte de prensa indica que los abatidos guardaban relaci\u00f3n con el cobro de vacuna, extorsi\u00f3n, tr\u00e1fico de drogas, combustible y otros delitos en dicha localidad y zonas mineras.<\/p>\n<p>Despu\u00e9s que el par de antisociales recibi\u00f3 heridas de proyectiles, en el sitio del suceso se incautaron dos armas de fuego, una pistola Glock calibre 9 mil\u00edmetros con un selector de tiro, tres cargadores, 20 cartuchos sin percutir y 6 cartuchos percutidos.<\/p>\n<p>La otra arma de fuego result\u00f3 ser un rev\u00f3lver calibre 38 con los seriales devastados y un radio trasmisor; tambi\u00e9n un veh\u00edculo Hyundai Getz de color en el cual se desplazaban los supuestos delincuentes.<\/p>\n<p>Al sitio acudi\u00f3 una comisi\u00f3n del Cuerpo de Investigaciones Cient\u00edficas, Penales y Criminal\u00edsticas, el caso qued\u00f3 a la orden del Ministerio P\u00fablico.<\/p>\n<p>NP<\/p>\n","protected":false},"excerpt":{"rendered":"<p>Dos individuos cayeron abatidos, aparentemente luego de hacer frente a una comisi\u00f3n de la Guardia Nacional, el supuesto enfrentamiento se registr\u00f3 en la poblaci\u00f3n de El Manteco, parroquia Pedro Cova del municipio Piar. Alto cargo de la instituci\u00f3n castrense identific\u00f3 a los sujetos por los apodos: \u201cEl Richita\u201d y \u201cEl Vampi\u201d, ambos miembros de la [&hellip;]<\/p>\n","protected":false},"author":2,"featured_media":207052,"comment_status":"closed","ping_status":"closed","sticky":false,"template":"","format":"standard","meta":{"footnotes":""},"categories":[5,13],"tags":[],"class_list":{"0":"post-207051","1":"post","2":"type-post","3":"status-publish","4":"format-standard","5":"has-post-thumbnail","7":"category-destacado","8":"category-sucesos"},"_links":{"self":[{"href":"https:\/\/elluchador.info\/index.php?rest_route=\/wp\/v2\/posts\/207051","targetHints":{"allow":["GET"]}}],"collection":[{"href":"https:\/\/elluchador.info\/index.php?rest_route=\/wp\/v2\/posts"}],"about":[{"href":"https:\/\/elluchador.info\/index.php?rest_route=\/wp\/v2\/types\/post"}],"author":[{"embeddable":true,"href":"https:\/\/elluchador.info\/index.php?rest_route=\/wp\/v2\/users\/2"}],"replies":[{"embeddable":true,"href":"https:\/\/elluchador.info\/index.php?rest_route=%2Fwp%2Fv2%2Fcomments&post=207051"}],"version-history":[{"count":1,"href":"https:\/\/elluchador.info\/index.php?rest_route=\/wp\/v2\/posts\/207051\/revisions"}],"predecessor-version":[{"id":207053,"href":"https:\/\/elluchador.info\/index.php?rest_route=\/wp\/v2\/posts\/207051\/revisions\/207053"}],"wp:featuredmedia":[{"embeddable":true,"href":"https:\/\/elluchador.info\/index.php?rest_route=\/wp\/v2\/media\/207052"}],"wp:attachment":[{"href":"https:\/\/elluchador.info\/index.php?rest_route=%2Fwp%2Fv2%2Fmedia&parent=207051"}],"wp:term":[{"taxonomy":"category","embeddable":true,"href":"https:\/\/elluchador.info\/index.php?rest_route=%2Fwp%2Fv2%2Fcategories&post=207051"},{"taxonomy":"post_tag","embeddable":true,"href":"https:\/\/elluchador.info\/index.php?rest_route=%2Fwp%2Fv2%2Ftags&post=207051"}],"curies":[{"name":"wp","href":"https:\/\/api.w.org\/{rel}","templated":true}]}}