{"id":207075,"date":"2022-02-23T18:38:55","date_gmt":"2022-02-23T22:38:55","guid":{"rendered":"https:\/\/elluchador.info\/web\/?p=207075"},"modified":"2022-02-23T18:38:55","modified_gmt":"2022-02-23T22:38:55","slug":"sistema-de-la-onu-visito-casas-historicas-de-ciudad-bolivar","status":"publish","type":"post","link":"https:\/\/elluchador.info\/?p=207075","title":{"rendered":"Sistema de la ONU visit\u00f3 casas hist\u00f3ricas de Ciudad Bol\u00edvar"},"content":{"rendered":"<p><span style=\"font-weight: 400;\">Gianluca Rampolla, coordinador residente de las Naciones Unidas en Caracas, junto con Samir Elhawary, coordinador Humanitario adjunto, y jefe de oficina de las Naciones Unidas para Asuntos Humanos, visitaron el museo del Congreso de Angostura, municipio Angostura del Orinoco en el estado Bol\u00edvar.\u00a0<\/span><\/p>\n<p><span style=\"font-weight: 400;\">La visita estuvo acompa\u00f1ada por Rub\u00e9n Dar\u00edo Molina, viceministro para Temas Multilaterales\u00a0\u00a0del Ministerio del poder popular para las Relaciones Exteriores.<\/span><\/p>\n<p><span style=\"font-weight: 400;\">En el recorrido fueron recibidos por la arquitecto, Fanny Astudillo, directora de Patrimonio de la Gobernaci\u00f3n del estado Bol\u00edvar.<\/span><\/p>\n<p><span style=\"font-weight: 400;\">En aras de seguir avanzando en las relaciones interinstitucionales e impulsar programas de desarrollo promovido por la ONU, en sinergia con el Gobierno Nacional y desarrollar la pol\u00edtica del buen vivir, se hizo un recorrido por este emblem\u00e1tico Museo, donde se les expuso a visitantes la gesta heroica alcanzada por el libertador Sim\u00f3n Bol\u00edvar y el alcance de su ic\u00f3nico discurso.<\/span><\/p>\n<p><span style=\"font-weight: 400;\">\u00a0<\/span><b>Ruta de trabajo\u00a0<\/b><\/p>\n<p><span style=\"font-weight: 400;\">El viceministro, Rub\u00e9n Dar\u00edo Molina, acord\u00f3 la ruta de trabajo, afirm\u00f3 que luego del municipio Angostura del Orinoco, se desplazaron rumbo a Puerto Ordaz, donde visitar\u00e1n varios puntos para ayudar a las v\u00edctimas de la guerra econ\u00f3mica.<\/span><\/p>\n<p><span style=\"font-weight: 400;\">Luego continuaron rumbo a Delta Amacuro, en condici\u00f3n de observadores, para conversar con miembros de las comunidades y autoridades locales y regionales de cada estado.<\/span><\/p>\n<p><span style=\"font-weight: 400;\">El objetivo es poder, en cooperaci\u00f3n multilateral, mitigar las consecuencias de la guerra econ\u00f3mica, como pol\u00edtica del presidente\u00a0\u00a0Nicol\u00e1s Maduro, para llevar bienestar al pueblo venezolano.<\/span><\/p>\n<p><span style=\"font-weight: 400;\">\u00a0<\/span><b>Inversi\u00f3n en salud\u00a0<\/b><\/p>\n<p><span style=\"font-weight: 400;\">Por otra parte, el Viceministro, revel\u00f3 que se est\u00e1 haciendo una inversi\u00f3n muy importante en el Hospital Universitario Ru\u00edz y P\u00e1ez, particularmente en el \u00e1rea neonatal.<\/span><span style=\"font-weight: 400;\">\u00a0<\/span><\/p>\n<p><span style=\"font-weight: 400;\">A\u00f1adi\u00f3 que se est\u00e1n recuperando espacios deteriorados, como las tuber\u00edas de agua, pozos perforados y\u00a0\u00a0bombas, que distribuyen el vital l\u00edquido en la unidad hospitalaria.<\/span><\/p>\n<p><span style=\"font-weight: 400;\">\u201cConjuntamente con el gobernador \u00c1ngel Marcano y todo su equipo, se est\u00e1 trabajando en materia educativa, para incluir a las comunidades ind\u00edgenas en los programas de apoyo, impulsados por los organismos de la ONU\u201d. concluy\u00f3 Molina.<\/span><\/p>\n<p><span style=\"font-weight: 400;\"> <b>Prensa Gobernaci\u00f3n de Bol\u00edvar\u00a0<\/b><\/span><\/p>\n","protected":false},"excerpt":{"rendered":"<p>Gianluca Rampolla, coordinador residente de las Naciones Unidas en Caracas, junto con Samir Elhawary, coordinador Humanitario adjunto, y jefe de oficina de las Naciones Unidas para Asuntos Humanos, visitaron el museo del Congreso de Angostura, municipio Angostura del Orinoco en el estado Bol\u00edvar.\u00a0 La visita estuvo acompa\u00f1ada por Rub\u00e9n Dar\u00edo Molina, viceministro para Temas Multilaterales\u00a0\u00a0del [&hellip;]<\/p>\n","protected":false},"author":2,"featured_media":207076,"comment_status":"closed","ping_status":"closed","sticky":false,"template":"","format":"standard","meta":{"footnotes":""},"categories":[5,12],"tags":[],"class_list":{"0":"post-207075","1":"post","2":"type-post","3":"status-publish","4":"format-standard","5":"has-post-thumbnail","7":"category-destacado","8":"category-regionales"},"_links":{"self":[{"href":"https:\/\/elluchador.info\/index.php?rest_route=\/wp\/v2\/posts\/207075","targetHints":{"allow":["GET"]}}],"collection":[{"href":"https:\/\/elluchador.info\/index.php?rest_route=\/wp\/v2\/posts"}],"about":[{"href":"https:\/\/elluchador.info\/index.php?rest_route=\/wp\/v2\/types\/post"}],"author":[{"embeddable":true,"href":"https:\/\/elluchador.info\/index.php?rest_route=\/wp\/v2\/users\/2"}],"replies":[{"embeddable":true,"href":"https:\/\/elluchador.info\/index.php?rest_route=%2Fwp%2Fv2%2Fcomments&post=207075"}],"version-history":[{"count":1,"href":"https:\/\/elluchador.info\/index.php?rest_route=\/wp\/v2\/posts\/207075\/revisions"}],"predecessor-version":[{"id":207077,"href":"https:\/\/elluchador.info\/index.php?rest_route=\/wp\/v2\/posts\/207075\/revisions\/207077"}],"wp:featuredmedia":[{"embeddable":true,"href":"https:\/\/elluchador.info\/index.php?rest_route=\/wp\/v2\/media\/207076"}],"wp:attachment":[{"href":"https:\/\/elluchador.info\/index.php?rest_route=%2Fwp%2Fv2%2Fmedia&parent=207075"}],"wp:term":[{"taxonomy":"category","embeddable":true,"href":"https:\/\/elluchador.info\/index.php?rest_route=%2Fwp%2Fv2%2Fcategories&post=207075"},{"taxonomy":"post_tag","embeddable":true,"href":"https:\/\/elluchador.info\/index.php?rest_route=%2Fwp%2Fv2%2Ftags&post=207075"}],"curies":[{"name":"wp","href":"https:\/\/api.w.org\/{rel}","templated":true}]}}