{"id":207123,"date":"2022-02-24T15:45:02","date_gmt":"2022-02-24T19:45:02","guid":{"rendered":"https:\/\/elluchador.info\/web\/?p=207123"},"modified":"2022-02-24T15:52:45","modified_gmt":"2022-02-24T19:52:45","slug":"pequenos-de-las-escuelas-municipales-se-suman-a-las-fiestas-carnestolendas","status":"publish","type":"post","link":"https:\/\/elluchador.info\/?p=207123","title":{"rendered":"Peque\u00f1os de las escuelas municipales se suman a las fiestas carnestolendas"},"content":{"rendered":"<p>Bajo una ma\u00f1ana llena de alegr\u00eda y de colores, los<br \/>\npeque\u00f1os de las escuelas municipales en Ciudad Bol\u00edvar participaron en las actividades de elecci\u00f3n de reinitas, comparsas infantiles; as\u00ed como una exposici\u00f3n de las costumbres, tradiciones y valores que significan los carnavales para los<br \/>\nbolivarenses.<\/p>\n<p>La directora de Educaci\u00f3n Municipal, Marisol Garc\u00eda coment\u00f3 que estas actividades se realizan como parte del reforzamiento de la idiosincrasia y cultura de nuestro pueblo, donde los peque\u00f1os conocen la importancia que tienen las representaciones en nuestra sociedad y el valor de preservar lo nuestro.<\/p>\n<p>Coment\u00f3 Garc\u00eda que los ni\u00f1os y ni\u00f1as se disfrazaron de negro pinto, madamas, mineros, rey momo, entre otros; demostrando la diversidad cultural que arropa a la ciudad y el estado Bol\u00edvar; para despu\u00e9s participar en la elecci\u00f3n y coronaci\u00f3n de<br \/>\nlas reinitas de carnaval; as\u00ed como dar una exposiciones sobre la importancia de preservar nuestras costumbres; esas que nos hace ser referencia a escala<br \/>\nnacional.<\/p>\n<p>La directora integral explic\u00f3 que en cada escuela se efectuaron las actividades y todo bajo las medidas de bioseguridad, pues hay que recordar que la pandemia<br \/>\nexiste; pero siempre hay que cuidarse y seguir apostando a la excelencia educativa.<\/p>\n<p>Es importante, destacar el apoyo que a\u00f1o tras a\u00f1o mantiene nuestro alcalde Sergio Hern\u00e1ndez se mantiene para seguir fortaleciendo todos los espacios para la formaci\u00f3n de nuestra generaci\u00f3n del presente.<\/p>\n<p>Ingenio y creatividad<br \/>\nEn este sentido, Garc\u00eda explic\u00f3 que muchos de los elementos utilizados para elaborar los trajes, herramientas fueron de material reusable y de esta manera seguir apostando a las pol\u00edticas para preservar el medio ambiente.<\/p>\n<p>\u201cAqu\u00ed observamos como nuestros peque\u00f1os, juntos a sus padres y maestros dieron lo mejor de ser s\u00ed, para llenar de alegr\u00eda y colores cada plantel educativo municipal, los carnavales son una tradici\u00f3n en nuestro estado y por ello debemos mantenerlos vivos en nuestra memoria hist\u00f3rica; es una fecha para disfrutar y<br \/>\nhonrar a todos esos baluartes que han dejado huella desde el aspecto cultural, art\u00edstico, entre otro\u201d, acot\u00f3 Garc\u00eda.<\/p>\n<p>Culmin\u00f3 diciendo que se mantiene un cronograma para seguir apostando al rescate de nuestras tradiciones bajo la hermandad y alegr\u00eda que caracteriza a los bolivarenses, todo bajo la gesti\u00f3n del l\u00edder municipal Sergio Hern\u00e1ndez.<\/p>\n<p>Prensa Alcald\u00eda AO.<\/p>\n","protected":false},"excerpt":{"rendered":"<p>Bajo una ma\u00f1ana llena de alegr\u00eda y de colores, los peque\u00f1os de las escuelas municipales en Ciudad Bol\u00edvar participaron en las actividades de elecci\u00f3n de reinitas, comparsas infantiles; as\u00ed como una exposici\u00f3n de las costumbres, tradiciones y valores que significan los carnavales para los bolivarenses. La directora de Educaci\u00f3n Municipal, Marisol Garc\u00eda coment\u00f3 que estas [&hellip;]<\/p>\n","protected":false},"author":2,"featured_media":207125,"comment_status":"closed","ping_status":"closed","sticky":false,"template":"","format":"standard","meta":{"footnotes":""},"categories":[5,20],"tags":[444,382,727],"class_list":{"0":"post-207123","1":"post","2":"type-post","3":"status-publish","4":"format-standard","5":"has-post-thumbnail","7":"category-destacado","8":"category-municipal","9":"tag-carnaval","10":"tag-escuelas","11":"tag-municipales"},"_links":{"self":[{"href":"https:\/\/elluchador.info\/index.php?rest_route=\/wp\/v2\/posts\/207123","targetHints":{"allow":["GET"]}}],"collection":[{"href":"https:\/\/elluchador.info\/index.php?rest_route=\/wp\/v2\/posts"}],"about":[{"href":"https:\/\/elluchador.info\/index.php?rest_route=\/wp\/v2\/types\/post"}],"author":[{"embeddable":true,"href":"https:\/\/elluchador.info\/index.php?rest_route=\/wp\/v2\/users\/2"}],"replies":[{"embeddable":true,"href":"https:\/\/elluchador.info\/index.php?rest_route=%2Fwp%2Fv2%2Fcomments&post=207123"}],"version-history":[{"count":1,"href":"https:\/\/elluchador.info\/index.php?rest_route=\/wp\/v2\/posts\/207123\/revisions"}],"predecessor-version":[{"id":207124,"href":"https:\/\/elluchador.info\/index.php?rest_route=\/wp\/v2\/posts\/207123\/revisions\/207124"}],"wp:featuredmedia":[{"embeddable":true,"href":"https:\/\/elluchador.info\/index.php?rest_route=\/wp\/v2\/media\/207125"}],"wp:attachment":[{"href":"https:\/\/elluchador.info\/index.php?rest_route=%2Fwp%2Fv2%2Fmedia&parent=207123"}],"wp:term":[{"taxonomy":"category","embeddable":true,"href":"https:\/\/elluchador.info\/index.php?rest_route=%2Fwp%2Fv2%2Fcategories&post=207123"},{"taxonomy":"post_tag","embeddable":true,"href":"https:\/\/elluchador.info\/index.php?rest_route=%2Fwp%2Fv2%2Ftags&post=207123"}],"curies":[{"name":"wp","href":"https:\/\/api.w.org\/{rel}","templated":true}]}}