{"id":207397,"date":"2022-03-04T11:57:34","date_gmt":"2022-03-04T15:57:34","guid":{"rendered":"https:\/\/elluchador.info\/web\/?p=207397"},"modified":"2022-03-04T11:57:34","modified_gmt":"2022-03-04T15:57:34","slug":"iberia-confirmo-que-suspendera-temporalmente-su-ruta-caracas-madrid","status":"publish","type":"post","link":"https:\/\/elluchador.info\/?p=207397","title":{"rendered":"Iberia confirm\u00f3 que suspender\u00e1 temporalmente su ruta Caracas-Madrid"},"content":{"rendered":"<p>La compa\u00f1\u00eda a\u00e9rea espa\u00f1ola Iberia confirm\u00f3 a\u00a0<strong>El Nacional<\/strong>\u00a0que suspender\u00e1 su ruta Caracas-Madrid entre junio y septiembre pr\u00f3ximo.<\/p>\n<p>\u201cLos vuelos en esa ruta<strong>\u00a0estar\u00edan temporalmente suspendidos<\/strong>\u00a0para toda la temporada de verano\u201d, se\u00f1al\u00f3 la empresa a trav\u00e9s de sus canales de comunicaci\u00f3n.\u00a0Iberia, sin embargo, no aclar\u00f3 los motivos por los que se tomar\u00e1 esa medida.<\/p>\n<p>El medio digital\u00a0<a href=\"https:\/\/www.preferente.com\/noticias-de-transportes\/noticias-de-aerolineas\/iberia-suspende-la-ruta-de-caracas-toda-la-temporada-de-verano-316214.html\">Preferente<\/a>, especializado en noticias de turismo, public\u00f3 la informaci\u00f3n de esta medida temporal, pero la aerol\u00ednea no la hab\u00eda confirmado hasta ahora ni en sus redes sociales ni en su p\u00e1gina web.<\/p>\n<p><a href=\"https:\/\/twitter.com\/Iberia\">Iberia<\/a>\u00a0dijo a\u00a0<a href=\"https:\/\/elnacional.oneye.us\/venezuela\/iberia-suspendera-su-ruta-caracas-madrid-entre-junio-y-octubre\/\"><strong>El Nacional<\/strong>\u00a0<\/a>que, sobre las rutas alternativas, podr\u00e1n cambiarse los itinerarios y salir desde el Aeropuerto Internacional de Tocumen, en Panam\u00e1, o desde el Aeropuerto Internacional de las Am\u00e9ricas, en la ciudad de Santo Domingo, Rep\u00fablica Dominicana.<\/p>\n<p>Preferente indic\u00f3 asimismo que la aerol\u00ednea ofrece a sus clientes el reembolso del dinero correspondiente a los pasajes comprados para esas fechas. Y que tambi\u00e9n tienen la opci\u00f3n de retrasar su viaje con boletos en la misma clase o el m\u00e1s bajo disponible en la misma cabina.<\/p>\n<h2>Luego de casi dos a\u00f1os<\/h2>\n<p>El Instituto Nacional de Aeron\u00e1utica Civil autoriz\u00f3 a finales de enero las rutas a\u00e9reas con Espa\u00f1a, que\u00a0<strong>estaban suspendidas desde el 12 de marzo de 2020 por la pandemia<\/strong>. Aunque, en ese tiempo, las autoridades dieron luz verde a vuelos entre ambos pa\u00edses con car\u00e1cter humanitario o especial.<\/p>\n<p>Espa\u00f1a se sum\u00f3, de este modo, a la lista de pa\u00edses con vuelos autorizados por Venezuela y que incluye tambi\u00e9n a\u00a0<strong>Turqu\u00eda, M\u00e9xico, Panam\u00e1, Rep\u00fablica Dominicana, Bolivia, Rusia y Cuba<\/strong>, seg\u00fan un comunicado del organismo.<\/p>\n<p>Otras aerol\u00edneas autorizadas por el INAC son Air Europa y Plus Ultra.<\/p>\n<h2>\u00bfFalta de equipos?<\/h2>\n<p>Humberto Figuera, presidente de la Asociaci\u00f3n de L\u00edneas A\u00e9reas de Venezuela, dijo el jueves en una entrevista con\u00a0<a href=\"https:\/\/unionradio.net\/alav-aboga-por-activacion-total-de-la-aviacion-internacional\/\">Uni\u00f3n Radio<\/a>\u00a0que posiblemente<strong>\u00a0Iberia no tiene los equipos necesarios<\/strong>\u00a0para ponerlos a funcionar en la ruta Caracas-Madrid.<\/p>\n<p>\u201cSon las l\u00edneas a\u00e9reas las que tienen que decidir\u00a0<strong>cu\u00e1ndo pueden operar porque son las que saben qu\u00e9 situaci\u00f3n de compromiso<\/strong>\u00a0<strong>tienen sus equipos<\/strong>\u00a0y cu\u00e1ndo pueden meter sus equipos en una ruta nueva. A lo mejor es que Iberia no tiene equipos para ponerlos ac\u00e1\u201d, dijo Figuera.<\/p>\n<h2>Vuelos Caracas-Canc\u00fan<\/h2>\n<figure id=\"attachment_824199\" class=\"wp-caption alignnone\" aria-describedby=\"caption-attachment-824199\"><img loading=\"lazy\" decoding=\"async\" class=\" size-full wp-image-824199 lazyloading\" src=\"https:\/\/elnacional.oneye.us\/cdn\/wp-content\/uploads\/2022\/03\/laser-foto-de-Alan-Lebeda.jpg\" sizes=\"auto, (max-width: 1200px) 100vw, 1200px\" srcset=\"https:\/\/elnacional.oneye.us\/cdn\/wp-content\/uploads\/2022\/03\/laser-foto-de-Alan-Lebeda.jpg 1200w, https:\/\/elnacional.oneye.us\/cdn\/wp-content\/uploads\/2022\/03\/laser-foto-de-Alan-Lebeda-300x200.jpg 300w, https:\/\/elnacional.oneye.us\/cdn\/wp-content\/uploads\/2022\/03\/laser-foto-de-Alan-Lebeda-1024x683.jpg 1024w, https:\/\/elnacional.oneye.us\/cdn\/wp-content\/uploads\/2022\/03\/laser-foto-de-Alan-Lebeda-768x512.jpg 768w, https:\/\/elnacional.oneye.us\/cdn\/wp-content\/uploads\/2022\/03\/laser-foto-de-Alan-Lebeda-696x464.jpg 696w, https:\/\/elnacional.oneye.us\/cdn\/wp-content\/uploads\/2022\/03\/laser-foto-de-Alan-Lebeda-1068x712.jpg 1068w, https:\/\/elnacional.oneye.us\/cdn\/wp-content\/uploads\/2022\/03\/laser-foto-de-Alan-Lebeda-630x420.jpg 630w\" alt=\"Laser suspendi\u00f3 ruta Caracas Canc\u00fan\" width=\"1200\" height=\"800\" data-src=\"https:\/\/elnacional.oneye.us\/cdn\/wp-content\/uploads\/2022\/03\/laser-foto-de-Alan-Lebeda.jpg\" data-srcset=\"https:\/\/elnacional.oneye.us\/cdn\/wp-content\/uploads\/2022\/03\/laser-foto-de-Alan-Lebeda.jpg 1200w, https:\/\/elnacional.oneye.us\/cdn\/wp-content\/uploads\/2022\/03\/laser-foto-de-Alan-Lebeda-300x200.jpg 300w, https:\/\/elnacional.oneye.us\/cdn\/wp-content\/uploads\/2022\/03\/laser-foto-de-Alan-Lebeda-1024x683.jpg 1024w, https:\/\/elnacional.oneye.us\/cdn\/wp-content\/uploads\/2022\/03\/laser-foto-de-Alan-Lebeda-768x512.jpg 768w, https:\/\/elnacional.oneye.us\/cdn\/wp-content\/uploads\/2022\/03\/laser-foto-de-Alan-Lebeda-696x464.jpg 696w, https:\/\/elnacional.oneye.us\/cdn\/wp-content\/uploads\/2022\/03\/laser-foto-de-Alan-Lebeda-1068x712.jpg 1068w, https:\/\/elnacional.oneye.us\/cdn\/wp-content\/uploads\/2022\/03\/laser-foto-de-Alan-Lebeda-630x420.jpg 630w\" data-sizes=\"(max-width: 1200px) 100vw, 1200px\" \/><figcaption id=\"caption-attachment-824199\" class=\"wp-caption-text\">Alan Lebeda<\/figcaption><\/figure>\n<p>Laser Airlines inform\u00f3 a sus pasajeros que<strong>\u00a0suspender\u00e1\u00a0de manera temporal<\/strong>\u00a0todas las operaciones en la ruta Caracas-Canc\u00fan a partir del pr\u00f3ximo 24 de marzo. Aclar\u00f3 que los vuelos programados en las fechas 3, 10 y 17 de este mes se mantienen totalmente operativos.<\/p>\n<p>La compa\u00f1\u00eda plante\u00f3 dos alternativas a los pasajeros afectados por esta medida.<\/p>\n<p>En primer lugar, se ofreci\u00f3 a<strong>\u00a0cambiar el boleto hacia cualquiera de los destinos disponibles<\/strong>\u00a0sin pago de penalidad y, en segundo lugar, entregar una nota de cr\u00e9dito transferible con una validez de un a\u00f1o a partir de su fecha de emisi\u00f3n.<\/p>\n<p>Laser Airlines tampoco aclar\u00f3 la raz\u00f3n por la que suspender\u00e1 de manera temporal sus operaciones ni aclar\u00f3 cu\u00e1ndo se restablecer\u00eda la ruta entre Caracas-Canc\u00fan.<\/p>\n<h2>Usuarios de Laser exigen reintegro del dinero<\/h2>\n<p>Una ciudadana exigi\u00f3 a la empresa\u00a0<strong>el reintegro total del dinero<\/strong>\u00a0para poder viajar hacia Canc\u00fan con otra aerol\u00ednea en la fecha por compromisos obligatorios. \u00abEs una falta de respeto que te digan que te van a dar una nota de cr\u00e9dito\u00bb, manifest\u00f3 en Twitter.<\/p>\n<p>\u00ab<strong>Es inaceptable que el reembolso no est\u00e9 contemplado en sus opciones<\/strong>. La cancelaci\u00f3n de los vuelos lo hacen ustedes como aerol\u00ednea, no es culpa del pasajero, por lo que me parece una falta de respeto. De igual forma est\u00e1 pasando con Rutaca y no le importa en lo absoluto\u00bb, denunci\u00f3 otra persona.<\/p>\n<p>\u00abLo l\u00f3gico es que devuelvan el dinero para poder buscar otra soluci\u00f3n y no dar un cr\u00e9dito que para colmo dura un a\u00f1o. Si quieren destacar como una l\u00ednea a\u00e9rea que brinda un buen servicio,\u00a0<strong>devuelvan el dinero<\/strong>\u00ab, exigi\u00f3 un usuario.<\/p>\n<p><strong>El Nacional<\/strong><\/p>\n","protected":false},"excerpt":{"rendered":"<p>La compa\u00f1\u00eda a\u00e9rea espa\u00f1ola Iberia confirm\u00f3 a\u00a0El Nacional\u00a0que suspender\u00e1 su ruta Caracas-Madrid entre junio y septiembre pr\u00f3ximo. \u201cLos vuelos en esa ruta\u00a0estar\u00edan temporalmente suspendidos\u00a0para toda la temporada de verano\u201d, se\u00f1al\u00f3 la empresa a trav\u00e9s de sus canales de comunicaci\u00f3n.\u00a0Iberia, sin embargo, no aclar\u00f3 los motivos por los que se tomar\u00e1 esa medida. El medio digital\u00a0Preferente, [&hellip;]<\/p>\n","protected":false},"author":2,"featured_media":207398,"comment_status":"closed","ping_status":"closed","sticky":false,"template":"","format":"standard","meta":{"footnotes":""},"categories":[1],"tags":[],"class_list":{"0":"post-207397","1":"post","2":"type-post","3":"status-publish","4":"format-standard","5":"has-post-thumbnail","7":"category-deporte"},"_links":{"self":[{"href":"https:\/\/elluchador.info\/index.php?rest_route=\/wp\/v2\/posts\/207397","targetHints":{"allow":["GET"]}}],"collection":[{"href":"https:\/\/elluchador.info\/index.php?rest_route=\/wp\/v2\/posts"}],"about":[{"href":"https:\/\/elluchador.info\/index.php?rest_route=\/wp\/v2\/types\/post"}],"author":[{"embeddable":true,"href":"https:\/\/elluchador.info\/index.php?rest_route=\/wp\/v2\/users\/2"}],"replies":[{"embeddable":true,"href":"https:\/\/elluchador.info\/index.php?rest_route=%2Fwp%2Fv2%2Fcomments&post=207397"}],"version-history":[{"count":1,"href":"https:\/\/elluchador.info\/index.php?rest_route=\/wp\/v2\/posts\/207397\/revisions"}],"predecessor-version":[{"id":207399,"href":"https:\/\/elluchador.info\/index.php?rest_route=\/wp\/v2\/posts\/207397\/revisions\/207399"}],"wp:featuredmedia":[{"embeddable":true,"href":"https:\/\/elluchador.info\/index.php?rest_route=\/wp\/v2\/media\/207398"}],"wp:attachment":[{"href":"https:\/\/elluchador.info\/index.php?rest_route=%2Fwp%2Fv2%2Fmedia&parent=207397"}],"wp:term":[{"taxonomy":"category","embeddable":true,"href":"https:\/\/elluchador.info\/index.php?rest_route=%2Fwp%2Fv2%2Fcategories&post=207397"},{"taxonomy":"post_tag","embeddable":true,"href":"https:\/\/elluchador.info\/index.php?rest_route=%2Fwp%2Fv2%2Ftags&post=207397"}],"curies":[{"name":"wp","href":"https:\/\/api.w.org\/{rel}","templated":true}]}}