{"id":207474,"date":"2022-03-07T21:33:38","date_gmt":"2022-03-08T01:33:38","guid":{"rendered":"https:\/\/elluchador.info\/web\/?p=207474"},"modified":"2022-03-07T21:33:38","modified_gmt":"2022-03-08T01:33:38","slug":"otra-vez-ruben-limardo-gano-oro-para-venezuela","status":"publish","type":"post","link":"https:\/\/elluchador.info\/?p=207474","title":{"rendered":"Otra vez Rub\u00e9n Limardo gan\u00f3 oro para Venezuela"},"content":{"rendered":"<p>\u00a1Otra vez Rub\u00e9n Limardo! El esgrimista venezolano volvi\u00f3 a dejar en alto la bandera del pa\u00eds este domingo 6 de marzo al consagrarse con la medalla de oro Grand Prix de la Federaci\u00f3n Internacional de Esgrima en Budapest.<\/p>\n<p>Limardo, quien es medallista ol\u00edmpico de Venezuela, particip\u00f3 en la final del Grand Prix contra el h\u00fangaro David Nagy, a quien venci\u00f3 13-5.<\/p>\n<p>La alegr\u00eda del atleta venezolano no tard\u00f3 en plasmarse, ya que coment\u00f3 a trav\u00e9s de su cuenta de Twitter que este es un logro para el pa\u00eds: \u00abHola Venezuela, tienes una medalla de oro de Grand Prix\u00bb, escribi\u00f3.<\/p>\n<div><\/div>\n<div><a href=\"https:\/\/twitter.com\/eldiario\/status\/1500559186429505539?ref_src=twsrc%5Etfw%7Ctwcamp%5Etweetembed%7Ctwterm%5E1500559186429505539%7Ctwgr%5E%7Ctwcon%5Es1_c10&amp;ref_url=https%3A%2F%2Fwww.elimpulso.com%2F2022%2F03%2F06%2Fvideo-para-el-pais-ruben-limardo-gano-oro-para-venezuela-en-el-grand-prix-en-budapest-6mar%2F\">https:\/\/twitter.com\/eldiario\/status\/1500559186429505539?ref_src=twsrc%5Etfw%7Ctwcamp%5Etweetembed%7Ctwterm%5E1500559186429505539%7Ctwgr%5E%7Ctwcon%5Es1_c10&amp;ref_url=https%3A%2F%2Fwww.elimpulso.com%2F2022%2F03%2F06%2Fvideo-para-el-pais-ruben-limardo-gano-oro-para-venezuela-en-el-grand-prix-en-budapest-6mar%2F<\/a><\/div>\n<div><\/div>\n<div>El Impulso<\/div>\n","protected":false},"excerpt":{"rendered":"<p>\u00a1Otra vez Rub\u00e9n Limardo! El esgrimista venezolano volvi\u00f3 a dejar en alto la bandera del pa\u00eds este domingo 6 de marzo al consagrarse con la medalla de oro Grand Prix de la Federaci\u00f3n Internacional de Esgrima en Budapest. Limardo, quien es medallista ol\u00edmpico de Venezuela, particip\u00f3 en la final del Grand Prix contra el h\u00fangaro [&hellip;]<\/p>\n","protected":false},"author":2,"featured_media":207475,"comment_status":"closed","ping_status":"closed","sticky":false,"template":"","format":"standard","meta":{"footnotes":""},"categories":[4,5],"tags":[154,835,834],"class_list":{"0":"post-207474","1":"post","2":"type-post","3":"status-publish","4":"format-standard","5":"has-post-thumbnail","7":"category-deportes","8":"category-destacado","9":"tag-deportes","10":"tag-esgrima","11":"tag-ruben-limardo"},"_links":{"self":[{"href":"https:\/\/elluchador.info\/index.php?rest_route=\/wp\/v2\/posts\/207474","targetHints":{"allow":["GET"]}}],"collection":[{"href":"https:\/\/elluchador.info\/index.php?rest_route=\/wp\/v2\/posts"}],"about":[{"href":"https:\/\/elluchador.info\/index.php?rest_route=\/wp\/v2\/types\/post"}],"author":[{"embeddable":true,"href":"https:\/\/elluchador.info\/index.php?rest_route=\/wp\/v2\/users\/2"}],"replies":[{"embeddable":true,"href":"https:\/\/elluchador.info\/index.php?rest_route=%2Fwp%2Fv2%2Fcomments&post=207474"}],"version-history":[{"count":1,"href":"https:\/\/elluchador.info\/index.php?rest_route=\/wp\/v2\/posts\/207474\/revisions"}],"predecessor-version":[{"id":207476,"href":"https:\/\/elluchador.info\/index.php?rest_route=\/wp\/v2\/posts\/207474\/revisions\/207476"}],"wp:featuredmedia":[{"embeddable":true,"href":"https:\/\/elluchador.info\/index.php?rest_route=\/wp\/v2\/media\/207475"}],"wp:attachment":[{"href":"https:\/\/elluchador.info\/index.php?rest_route=%2Fwp%2Fv2%2Fmedia&parent=207474"}],"wp:term":[{"taxonomy":"category","embeddable":true,"href":"https:\/\/elluchador.info\/index.php?rest_route=%2Fwp%2Fv2%2Fcategories&post=207474"},{"taxonomy":"post_tag","embeddable":true,"href":"https:\/\/elluchador.info\/index.php?rest_route=%2Fwp%2Fv2%2Ftags&post=207474"}],"curies":[{"name":"wp","href":"https:\/\/api.w.org\/{rel}","templated":true}]}}