{"id":207624,"date":"2022-03-14T09:06:57","date_gmt":"2022-03-14T13:06:57","guid":{"rendered":"https:\/\/elluchador.info\/web\/?p=207624"},"modified":"2022-03-14T09:06:57","modified_gmt":"2022-03-14T13:06:57","slug":"gustavo-petro-sergio-fajardo-y-fico-gutierrez-logran-candidaturas-a-la-presidencia-de-colombia","status":"publish","type":"post","link":"https:\/\/elluchador.info\/?p=207624","title":{"rendered":"Gustavo Petro, Sergio Fajardo y Fico Guti\u00e9rrez logran candidaturas a la presidencia de Colombia"},"content":{"rendered":"<p>El senador y exguerrillero Gustavo Petro obtuvo este domingo la nominaci\u00f3n presidencial de la izquierda colombiana con una amplia votaci\u00f3n, que lo consolida como el favorito para vencer por primera vez a las fuerzas de derecha y centro en los comicios del 29 de mayo.<\/p>\n<p>Tal como se esperaba, el candidato de 61 a\u00f1os fue el gran vencedor en las primarias o consultas partidistas que se llevaron a cabo simult\u00e1neamente con las elecciones para renovar las dos c\u00e1maras del Congreso de casi 300 esca\u00f1os.<\/p>\n<p>Escrutado el 77% de los sufragios en la consulta del Pacto Hist\u00f3rico, la alianza de las izquierdas, Petro obten\u00eda 3,3 millones de votos contra los 597.728 de la ambientalista afro Francia M\u00e1rquez, una ventaja de 66 puntos porcentuales, seg\u00fan el conteo oficial.<\/p>\n<p>Al frente de todas las encuestas de intenci\u00f3n de voto para las presidenciales, Petro enfrentar\u00e1 al exalcalde Federico Guti\u00e9rrez, quien muy probablemente se quedar\u00e1 con la investidura de la coalici\u00f3n de derecha. En las primarias de las fuerzas de centro, el exgobernador Sergio Fajardo encabeza el c\u00f3mputo.<\/p>\n<p>El cuadro de presidenciables lo completan \u00d3scar Iv\u00e1n Zuluaga, por el Centro Democr\u00e1tico, actualmente en el poder; el independiente Rodolfo Hern\u00e1ndez e \u00cdngrid Betancourt, excandidata y exreh\u00e9n de la extinta guerrilla de las FARC. Los tres se abstuvieron de ir a primarias y compiten con el aval de sus partidos o de firmas.<\/p>\n<p>Los resultados marcan el inicio de la carrera presidencial de cara a la primera vuelta de finales de mayo. Alrededor de 39 millones de personas estaban habilitadas para votar este domingo tanto por el Congreso como en las primarias. Sin embargo, las nominaciones presidenciales eclipsaron las legislativas.<\/p>\n<p>La autoridad electoral dio a conocer primero el escrutinio de las consultas antes que el del nuevo Congreso, que avanzaba mucho m\u00e1s lento. Con apenas el 10% de las mesas escrutadas, la coalici\u00f3n que encabeza Petro lidera la C\u00e1mara Baja y es segunda en el Senado, de acuerdo con la Registradur\u00eda.<\/p>\n<h3><strong>Promesa de ruptura<\/strong><\/h3>\n<p>Petro, que en 2018 perdi\u00f3 el balotaje con el hoy presidente Iv\u00e1n Duque, se perfila como el fen\u00f3meno electoral en un pa\u00eds empobrecido por la pandemia, con un desempleo de casi el 15% y azotado por el repunte de la violencia que sigui\u00f3 al acuerdo de paz con las extintas FARC y la inseguridad en las ciudades.<\/p>\n<p>\u201cHoy comienza el cambio desde las urnas, depositando un voto que traiga esperanza y vida para Colombia\u201d, se\u00f1al\u00f3 Petro poco despu\u00e9s de votar.<\/p>\n<p>El tambi\u00e9n exalcalde de Bogot\u00e1, que dej\u00f3 las armas en 1990 para iniciar una fulgurante carrera en el Congreso, se encamina a capitalizar el descontento social patente en las masivas protestas de los \u00faltimos a\u00f1os contra el gobierno, que fueron duramente reprimidas.<\/p>\n<p>Muy activo en la plaza p\u00fablica y redes sociales, Petro promete distanciarse de las \u00e9lites tradicionales y encabezar un gobierno de ruptura y de reformas con acento en el cuidado del medioambiente. Su propuesta econ\u00f3mica apunta a dejar progresivamente la dependencia del petr\u00f3leo y el carb\u00f3n e impulsar la producci\u00f3n de alimentos y una econom\u00eda del conocimiento.<\/p>\n<p>Las complejas votaciones de este domingo transcurrieron bajo un despliegue militar y policial de 240.000 efectivos. Los \u00fanicos hechos de violencia reportados fueron dos ataques que dejaron igual n\u00famero de militares muertos en el sur del pa\u00eds.<\/p>\n<p>Sin embargo, la independiente Misi\u00f3n de Observaci\u00f3n Electoral (MOE) asegur\u00f3 haber recibido cientos de denuncias sobre presuntas irregularidades como la compra de votos.<\/p>\n<p>Las legislativas midieron el \u00e1nimo de los electores de cara al 29 de mayo, cuando votar\u00e1n por el sucesor del impopular Iv\u00e1n Duque (derecha), quien completar\u00e1 en agosto su mandato de cuatro a\u00f1os sin derecho a reelecci\u00f3n.<\/p>\n<p>Dominado por fuerzas de derecha y partidos tradicionales, el Congreso es hoy la instituci\u00f3n m\u00e1s desprestigiada del pa\u00eds, seg\u00fan la encuestadora Invamer, a ra\u00edz de los casos de corrupci\u00f3n.<\/p>\n<p>El Centro Democr\u00e1tico, el partido en el poder y el m\u00e1s votado para el Senado en 2018, se expone a un castigo en las urnas ante el desempe\u00f1o de Duque, cuya impopularidad ronda el 70%.<\/p>\n<p>Esta vez la derecha no cuenta con su mayor elector: el expresidente \u00c1lvaro Uribe (2002-2010), quien renunci\u00f3 al Senado tras obtener la mayor votaci\u00f3n en 2018, forzado por una investigaci\u00f3n judicial por presunta manipulaci\u00f3n de testigos.<\/p>\n<p>Muy seguramente \u201cel Centro Democr\u00e1tico va a dejar de ser la primera fuerza\u201d si bien seguir\u00e1 teniendo una \u201cparticipaci\u00f3n importante\u201d, se\u00f1ala el analista pol\u00edtico Alejo Vargas, de la Universidad Nacional.<\/p>\n<p>Ante el probable declive del uribismo, Federico Guti\u00e9rrez parece ser el que tiene m\u00e1s opci\u00f3n de cohesionar a las fuerzas m\u00e1s conservadoras.<\/p>\n<p>Queremos \u201cderrotar cualquier tipo de proyecto populista, autoritario y corrupto que est\u00e9 en camino\u201d, se\u00f1al\u00f3 Guti\u00e9rrez, uno de los adversarios m\u00e1s enconados de Petro.<\/p>\n<p><strong>WTC Radio<\/strong><\/p>\n","protected":false},"excerpt":{"rendered":"<p>El senador y exguerrillero Gustavo Petro obtuvo este domingo la nominaci\u00f3n presidencial de la izquierda colombiana con una amplia votaci\u00f3n, que lo consolida como el favorito para vencer por primera vez a las fuerzas de derecha y centro en los comicios del 29 de mayo. Tal como se esperaba, el candidato de 61 a\u00f1os fue [&hellip;]<\/p>\n","protected":false},"author":2,"featured_media":207625,"comment_status":"closed","ping_status":"closed","sticky":false,"template":"","format":"standard","meta":{"footnotes":""},"categories":[5,8],"tags":[],"class_list":{"0":"post-207624","1":"post","2":"type-post","3":"status-publish","4":"format-standard","5":"has-post-thumbnail","7":"category-destacado","8":"category-internacionales"},"_links":{"self":[{"href":"https:\/\/elluchador.info\/index.php?rest_route=\/wp\/v2\/posts\/207624","targetHints":{"allow":["GET"]}}],"collection":[{"href":"https:\/\/elluchador.info\/index.php?rest_route=\/wp\/v2\/posts"}],"about":[{"href":"https:\/\/elluchador.info\/index.php?rest_route=\/wp\/v2\/types\/post"}],"author":[{"embeddable":true,"href":"https:\/\/elluchador.info\/index.php?rest_route=\/wp\/v2\/users\/2"}],"replies":[{"embeddable":true,"href":"https:\/\/elluchador.info\/index.php?rest_route=%2Fwp%2Fv2%2Fcomments&post=207624"}],"version-history":[{"count":1,"href":"https:\/\/elluchador.info\/index.php?rest_route=\/wp\/v2\/posts\/207624\/revisions"}],"predecessor-version":[{"id":207626,"href":"https:\/\/elluchador.info\/index.php?rest_route=\/wp\/v2\/posts\/207624\/revisions\/207626"}],"wp:featuredmedia":[{"embeddable":true,"href":"https:\/\/elluchador.info\/index.php?rest_route=\/wp\/v2\/media\/207625"}],"wp:attachment":[{"href":"https:\/\/elluchador.info\/index.php?rest_route=%2Fwp%2Fv2%2Fmedia&parent=207624"}],"wp:term":[{"taxonomy":"category","embeddable":true,"href":"https:\/\/elluchador.info\/index.php?rest_route=%2Fwp%2Fv2%2Fcategories&post=207624"},{"taxonomy":"post_tag","embeddable":true,"href":"https:\/\/elluchador.info\/index.php?rest_route=%2Fwp%2Fv2%2Ftags&post=207624"}],"curies":[{"name":"wp","href":"https:\/\/api.w.org\/{rel}","templated":true}]}}