{"id":207627,"date":"2022-03-14T09:35:20","date_gmt":"2022-03-14T13:35:20","guid":{"rendered":"https:\/\/elluchador.info\/web\/?p=207627"},"modified":"2022-03-14T09:35:20","modified_gmt":"2022-03-14T13:35:20","slug":"detenido-sujeto-que-agredio-a-la-medallista-olimpica-stefany-hernandez-en-caracas","status":"publish","type":"post","link":"https:\/\/elluchador.info\/?p=207627","title":{"rendered":"Detenido sujeto que agredi\u00f3 a la medallista ol\u00edmpica Stefany Hern\u00e1ndez en Caracas"},"content":{"rendered":"<div class=\"jeg_featured_big jeg_parallax\">\n<div class=\"jeg_fs_content\">\n<div class=\"entry-header\">\n<div class=\"container\"><\/div>\n<\/div>\n<\/div>\n<\/div>\n<div class=\"jeg_content jeg_singlepage\">\n<div class=\"container\">\n<div class=\"row\">\n<div class=\"jeg_main_content col-md-9\">\n<div class=\"jeg_inner_content\">\n<div class=\"entry-content no-share\">\n<div class=\"jeg_share_button share-float jeg_sticky_share clearfix share-monocrhome\">\n<div class=\"jegStickyHolder\">\n<div class=\"theiaStickySidebar\">\n<div class=\"jeg_share_float_container\">El Fiscal General de Venezuela, Tarek William Saab, anunci\u00f3 la detenci\u00f3n de Robert Ord\u00f3\u00f1ez, se\u00f1alado por agredir en un local nocturno de Caracas a la medallista ol\u00edmpica venezolana Stefany Hern\u00e1ndez.<\/div>\n<\/div>\n<\/div>\n<\/div>\n<div class=\"content-inner \">\n<p>Para el caso fue designado el Fiscal 82 Nacional en Defensa para la Mujer. Ord\u00f3\u00f1ez ser\u00e1 imputado por el delito de violencia f\u00edsica agravada.<\/p>\n<p>La medallista ol\u00edmpica venezolana Stefany Hern\u00e1ndez denunci\u00f3 haber sufrido agresiones homof\u00f3bicas en un restaurante en Caracas, inform\u00f3 AFP.<\/p>\n<p>\u00abNos golpearon a las mujeres y a los hombres a pesar de haber sido nosotros los agredidos en un principio\u00bb, public\u00f3 en Instagram la noche del s\u00e1bado Hern\u00e1ndez, ganadora de medalla de bronce en el BMX en los Juegos Ol\u00edmpicos de R\u00edo de Janeiro-2016, quien sostiene haber sido agredidas por personal de seguridad del establecimiento.<\/p>\n<p>\u00abNos expulsaron del local a m\u00ed y a un grupo de amigos porque no le gust\u00e9 a unos cuantos homof\u00f3bicos que quisieron atacarnos\u00bb, agreg\u00f3 la atleta.<\/p>\n<p>\u00abLos violentos, y los due\u00f1os del local, seguramente quedaron satisfechos bailando el capricho de violentarnos. Qu\u00e9 tristeza siento\u00bb.<\/p>\n<p>Hern\u00e1ndez, de 30 a\u00f1os, particip\u00f3 en dos ediciones de los Juegos Ol\u00edmpicos: Londres-2012 y R\u00edo de Janeiro-2016.<\/p>\n<figure id=\"attachment_207630\" aria-describedby=\"caption-attachment-207630\" style=\"width: 962px\" class=\"wp-caption alignnone\"><img loading=\"lazy\" decoding=\"async\" class=\"size-full wp-image-207630\" src=\"https:\/\/elluchador.info\/web\/wp-content\/uploads\/2022\/03\/Foto-cortesia-de-WTC-Radio-1.jpg\" alt=\"\" width=\"962\" height=\"638\" srcset=\"https:\/\/elluchador.info\/wp-content\/uploads\/2022\/03\/Foto-cortesia-de-WTC-Radio-1.jpg 962w, https:\/\/elluchador.info\/wp-content\/uploads\/2022\/03\/Foto-cortesia-de-WTC-Radio-1-300x199.jpg 300w, https:\/\/elluchador.info\/wp-content\/uploads\/2022\/03\/Foto-cortesia-de-WTC-Radio-1-768x509.jpg 768w, https:\/\/elluchador.info\/wp-content\/uploads\/2022\/03\/Foto-cortesia-de-WTC-Radio-1-633x420.jpg 633w, https:\/\/elluchador.info\/wp-content\/uploads\/2022\/03\/Foto-cortesia-de-WTC-Radio-1-640x424.jpg 640w, https:\/\/elluchador.info\/wp-content\/uploads\/2022\/03\/Foto-cortesia-de-WTC-Radio-1-681x452.jpg 681w\" sizes=\"auto, (max-width: 962px) 100vw, 962px\" \/><figcaption id=\"caption-attachment-207630\" class=\"wp-caption-text\">Foto cortes\u00eda de WTC Radio<\/figcaption><\/figure>\n<p><strong>WTC Radio\u00a0<\/strong><\/p>\n<\/div>\n<\/div>\n<\/div>\n<\/div>\n<\/div>\n<\/div>\n<\/div>\n","protected":false},"excerpt":{"rendered":"<p>El Fiscal General de Venezuela, Tarek William Saab, anunci\u00f3 la detenci\u00f3n de Robert Ord\u00f3\u00f1ez, se\u00f1alado por agredir en un local nocturno de Caracas a la medallista ol\u00edmpica venezolana Stefany Hern\u00e1ndez. Para el caso fue designado el Fiscal 82 Nacional en Defensa para la Mujer. Ord\u00f3\u00f1ez ser\u00e1 imputado por el delito de violencia f\u00edsica agravada. La [&hellip;]<\/p>\n","protected":false},"author":2,"featured_media":207628,"comment_status":"closed","ping_status":"closed","sticky":false,"template":"","format":"standard","meta":{"footnotes":""},"categories":[5,13],"tags":[],"class_list":{"0":"post-207627","1":"post","2":"type-post","3":"status-publish","4":"format-standard","5":"has-post-thumbnail","7":"category-destacado","8":"category-sucesos"},"_links":{"self":[{"href":"https:\/\/elluchador.info\/index.php?rest_route=\/wp\/v2\/posts\/207627","targetHints":{"allow":["GET"]}}],"collection":[{"href":"https:\/\/elluchador.info\/index.php?rest_route=\/wp\/v2\/posts"}],"about":[{"href":"https:\/\/elluchador.info\/index.php?rest_route=\/wp\/v2\/types\/post"}],"author":[{"embeddable":true,"href":"https:\/\/elluchador.info\/index.php?rest_route=\/wp\/v2\/users\/2"}],"replies":[{"embeddable":true,"href":"https:\/\/elluchador.info\/index.php?rest_route=%2Fwp%2Fv2%2Fcomments&post=207627"}],"version-history":[{"count":1,"href":"https:\/\/elluchador.info\/index.php?rest_route=\/wp\/v2\/posts\/207627\/revisions"}],"predecessor-version":[{"id":207631,"href":"https:\/\/elluchador.info\/index.php?rest_route=\/wp\/v2\/posts\/207627\/revisions\/207631"}],"wp:featuredmedia":[{"embeddable":true,"href":"https:\/\/elluchador.info\/index.php?rest_route=\/wp\/v2\/media\/207628"}],"wp:attachment":[{"href":"https:\/\/elluchador.info\/index.php?rest_route=%2Fwp%2Fv2%2Fmedia&parent=207627"}],"wp:term":[{"taxonomy":"category","embeddable":true,"href":"https:\/\/elluchador.info\/index.php?rest_route=%2Fwp%2Fv2%2Fcategories&post=207627"},{"taxonomy":"post_tag","embeddable":true,"href":"https:\/\/elluchador.info\/index.php?rest_route=%2Fwp%2Fv2%2Ftags&post=207627"}],"curies":[{"name":"wp","href":"https:\/\/api.w.org\/{rel}","templated":true}]}}