{"id":207634,"date":"2022-03-14T11:04:02","date_gmt":"2022-03-14T15:04:02","guid":{"rendered":"https:\/\/elluchador.info\/web\/?p=207634"},"modified":"2022-03-14T11:04:02","modified_gmt":"2022-03-14T15:04:02","slug":"francia-aplicara-cuarta-dosis-de-vacuna-contra-covid-19-para-mayores-de-80-anos","status":"publish","type":"post","link":"https:\/\/elluchador.info\/?p=207634","title":{"rendered":"Francia aplicar\u00e1 cuarta dosis de vacuna contra COVID-19 para mayores de 80 a\u00f1os"},"content":{"rendered":"<p>Francia comenzar\u00e1 a ofrecer el lunes una cuarta vacuna contra la COVID-19 a las personas mayores de 80 a\u00f1os que hayan recibido su dosis de refuerzo, dijo el primer ministro franc\u00e9s, Jean Castex, al diario Le Parisien en una entrevista publicada el s\u00e1bado.<\/p>\n<p>La campa\u00f1a de vacunaci\u00f3n tambi\u00e9n se extender\u00e1 a las personas inmunocomprometidas que hasta ahora no eran elegibles para la vacuna, inform\u00f3 Le Parisien.<\/p>\n<p>De los 4,1 millones de franceses mayores de 80 a\u00f1os, 3,1 millones ya han recibido la vacuna de refuerzo, asegur\u00f3 la publicaci\u00f3n.<\/p>\n<p>Francia presencia un repunte de los casos de COVID-19. La Agencia Nacional de Salud inform\u00f3 el s\u00e1bado 72.443 nuevos casos.<\/p>\n<p>Desde el lunes el pa\u00eds eliminar\u00e1 el requisito de pase de vacuna antes de ingresar a los espacios p\u00fablicos y la obligatoriedad del uso de mascarilla en interiores.<\/p>\n<p>A pesar de la flexibilizaci\u00f3n de las restricciones, el primer ministro declar\u00f3 que recomienda enf\u00e1ticamente que las personas fr\u00e1giles mantengan la m\u00e1scara puesta en \u00e1reas interiores y concurridas.<\/p>\n<p><strong>Xinhua<\/strong><\/p>\n","protected":false},"excerpt":{"rendered":"<p>Francia comenzar\u00e1 a ofrecer el lunes una cuarta vacuna contra la COVID-19 a las personas mayores de 80 a\u00f1os que hayan recibido su dosis de refuerzo, dijo el primer ministro franc\u00e9s, Jean Castex, al diario Le Parisien en una entrevista publicada el s\u00e1bado. La campa\u00f1a de vacunaci\u00f3n tambi\u00e9n se extender\u00e1 a las personas inmunocomprometidas que [&hellip;]<\/p>\n","protected":false},"author":2,"featured_media":207635,"comment_status":"closed","ping_status":"closed","sticky":false,"template":"","format":"standard","meta":{"footnotes":""},"categories":[8],"tags":[],"class_list":{"0":"post-207634","1":"post","2":"type-post","3":"status-publish","4":"format-standard","5":"has-post-thumbnail","7":"category-internacionales"},"_links":{"self":[{"href":"https:\/\/elluchador.info\/index.php?rest_route=\/wp\/v2\/posts\/207634","targetHints":{"allow":["GET"]}}],"collection":[{"href":"https:\/\/elluchador.info\/index.php?rest_route=\/wp\/v2\/posts"}],"about":[{"href":"https:\/\/elluchador.info\/index.php?rest_route=\/wp\/v2\/types\/post"}],"author":[{"embeddable":true,"href":"https:\/\/elluchador.info\/index.php?rest_route=\/wp\/v2\/users\/2"}],"replies":[{"embeddable":true,"href":"https:\/\/elluchador.info\/index.php?rest_route=%2Fwp%2Fv2%2Fcomments&post=207634"}],"version-history":[{"count":1,"href":"https:\/\/elluchador.info\/index.php?rest_route=\/wp\/v2\/posts\/207634\/revisions"}],"predecessor-version":[{"id":207636,"href":"https:\/\/elluchador.info\/index.php?rest_route=\/wp\/v2\/posts\/207634\/revisions\/207636"}],"wp:featuredmedia":[{"embeddable":true,"href":"https:\/\/elluchador.info\/index.php?rest_route=\/wp\/v2\/media\/207635"}],"wp:attachment":[{"href":"https:\/\/elluchador.info\/index.php?rest_route=%2Fwp%2Fv2%2Fmedia&parent=207634"}],"wp:term":[{"taxonomy":"category","embeddable":true,"href":"https:\/\/elluchador.info\/index.php?rest_route=%2Fwp%2Fv2%2Fcategories&post=207634"},{"taxonomy":"post_tag","embeddable":true,"href":"https:\/\/elluchador.info\/index.php?rest_route=%2Fwp%2Fv2%2Ftags&post=207634"}],"curies":[{"name":"wp","href":"https:\/\/api.w.org\/{rel}","templated":true}]}}