{"id":207681,"date":"2022-03-15T14:03:10","date_gmt":"2022-03-15T18:03:10","guid":{"rendered":"https:\/\/elluchador.info\/web\/?p=207681"},"modified":"2022-03-15T14:03:10","modified_gmt":"2022-03-15T18:03:10","slug":"se-cumplieron-2-anos-de-llegada-de-la-covid-19-a-venezuela","status":"publish","type":"post","link":"https:\/\/elluchador.info\/?p=207681","title":{"rendered":"Se cumplieron 2 a\u00f1os de llegada de la COVID-19 a Venezuela"},"content":{"rendered":"<p>La r\u00e1pida propagaci\u00f3n del coronavirus causante de la COVID-19, sorprendi\u00f3 al mundo en diciembre de 2019.<\/p>\n<p>El brote fue detectado en Wuhan, China, un mes antes; pero fue el 11 de marzo de 2020 cuando la Organizaci\u00f3n Mundial de la Salud (OMS) declar\u00f3 la pandemia mundial. Dos d\u00edas despu\u00e9s, Delcy Rodr\u00edguez, vicepresidenta ejecutiva del gobierno de Nicol\u00e1s Maduro, confirm\u00f3 los primeros casos en el pa\u00eds.<\/p>\n<p>Ese mismo d\u00eda, el gobernante firm\u00f3 el decreto de Estado de Alarma en el territorio nacional para atender la emergencia sanitaria.<\/p>\n<p>En un principio se repost\u00f3 la enfermedad como una neumon\u00eda desconocida, pero al incrementarse los contagios y presentarse los primeros decesos, las autoridades chinas entraron en estado de alarma.<\/p>\n<p>El 30 de enero de 2020 la<strong>\u00a0Organizaci\u00f3n Mundial de la Salud<\/strong>\u00a0declar\u00f3 una emergencia de salud p\u00fablica de alcance internacional y el 11 de marzo de ese mismo a\u00f1o reconoci\u00f3 la enfermedad como una pandemia e inform\u00f3 la existencia de\u00a0<strong>4291 fallecidos<\/strong>\u00a0y\u00a0<strong>118000<\/strong>\u00a0personas infectadas en\u00a0<strong>114 pa\u00edses<\/strong>.<\/p>\n<p>El 13 de marzo de 2020 se anuncia el primer caso de COVID-19 en Venezuela.\u00a0Se trataba de una ciudadana de Caracas que ven\u00eda en un vuelo proveniente de\u00a0<strong>Madrid<\/strong>, Espa\u00f1a. Luego se detecta otro caso y se dispone poner en cuarentena preventiva a todos quienes proven\u00edan de la pen\u00ednsula\u00a0<strong>ib\u00e9rica\u00a0<\/strong>y\u00a0<strong>Europa<\/strong>.<\/p>\n<p>En el estado Lara el primer caso de\u00a0<strong>COVID-19<\/strong>\u00a0se anunci\u00f3 el 21 de marzo de 2020. La gobernadora\u00a0<strong>Carmen M\u00e9lendez\u00a0<\/strong>inform\u00f3 la presencia de un ciudadano proveniente de los\u00a0<strong>Estados Unidos\u00a0<\/strong>que result\u00f3 positivo a la enfermedad. Se ordena el rastreo de una posible cadena de contagio y se inician los procedimientos de cuarentena.<\/p>\n<p><img loading=\"lazy\" decoding=\"async\" class=\"alignnone size-medium wp-image-205042\" src=\"https:\/\/elluchador.info\/web\/wp-content\/uploads\/2022\/01\/Test-covid-19-696x425-1-300x162.jpeg\" alt=\"\" width=\"300\" height=\"162\" srcset=\"https:\/\/elluchador.info\/wp-content\/uploads\/2022\/01\/Test-covid-19-696x425-1-300x162.jpeg 300w, https:\/\/elluchador.info\/wp-content\/uploads\/2022\/01\/Test-covid-19-696x425-1-640x345.jpeg 640w, https:\/\/elluchador.info\/wp-content\/uploads\/2022\/01\/Test-covid-19-696x425-1-681x367.jpeg 681w, https:\/\/elluchador.info\/wp-content\/uploads\/2022\/01\/Test-covid-19-696x425-1.jpeg 696w\" sizes=\"auto, (max-width: 300px) 100vw, 300px\" \/><\/p>\n<p>Se decreta la radicalizaci\u00f3n de los horarios para poder\u00a0<strong>circular<\/strong>\u00a0por las calles como medida para prevenir la propagaci\u00f3n del virus, con restricciones que se iniciaban temprano en la tarde y quienes eras sorprendidos en la v\u00eda p\u00fablica, eran detenidos.<\/p>\n<p>Luego se anuncia que a partir del 22 de junio de 2020 se aplicar\u00eda la medida denominada\u00a0<strong>7+7<\/strong>, la cual consist\u00eda en poder ir una semana al lugar de trabajo y luego pasar una semana de cuarentena en casa.<\/p>\n<p><img loading=\"lazy\" decoding=\"async\" class=\"alignnone size-medium wp-image-204076\" src=\"https:\/\/elluchador.info\/web\/wp-content\/uploads\/2021\/12\/Covid-e1585741862924-300x150.jpg\" alt=\"\" width=\"300\" height=\"150\" srcset=\"https:\/\/elluchador.info\/wp-content\/uploads\/2021\/12\/Covid-e1585741862924-300x150.jpg 300w, https:\/\/elluchador.info\/wp-content\/uploads\/2021\/12\/Covid-e1585741862924-640x320.jpg 640w, https:\/\/elluchador.info\/wp-content\/uploads\/2021\/12\/Covid-e1585741862924-681x341.jpg 681w, https:\/\/elluchador.info\/wp-content\/uploads\/2021\/12\/Covid-e1585741862924.jpg 750w\" sizes=\"auto, (max-width: 300px) 100vw, 300px\" \/><\/p>\n<p>En esa oportunidad se anunciaban desde el nivel central\u00a0<strong>3.386<\/strong>\u00a0casos positivos y 28 personas fallecidas a causa del coronavirus y como medida de prevenci\u00f3n se inform\u00f3 el cierre temporal de los sistemas de transporte masivo a fin de evitar la propagaci\u00f3n del\u00a0<strong>COVID-19<\/strong>.<\/p>\n<p>En 2021, un a\u00f1o despu\u00e9s, Nicol\u00e1s Maduro anunciaba el 21 de marzo nuevas medidas restrictivas a fin de radicalizar la\u00a0<strong>cuarentena nacional<\/strong>, debido al aumento de afectados por\u00a0<strong>COVID-19<\/strong>\u00a0que fue calificado como una segunda ola de contagios con un total de\u00a0<strong>1.161\u00a0<\/strong>infecciones en esa oportunidad.<\/p>\n<p>En Rusia se anuncia la creaci\u00f3n de la\u00a0<strong>vacuna Sputnik V a finales de 2020<\/strong>.\u00a0<strong>China<\/strong>\u00a0presenta la\u00a0<strong>Vero Cell\u00a0<\/strong>y los laboratorios\u00a0<strong>Pfizer<\/strong>\u00a0producen la\u00a0<strong>BioNTech<\/strong>, pero por razones pol\u00edticas, en Venezuela solo se aplican los productos provenientes de los laboratorios rusos y\u00a0<strong>chinos<\/strong>.<\/p>\n<p><img loading=\"lazy\" decoding=\"async\" class=\"alignnone size-medium wp-image-199135\" src=\"https:\/\/elluchador.info\/web\/wp-content\/uploads\/2021\/09\/vacuna-covid-kpy-U130290659820WnG-1248x770@El-Norte-300x185.jpg\" alt=\"\" width=\"300\" height=\"185\" srcset=\"https:\/\/elluchador.info\/wp-content\/uploads\/2021\/09\/vacuna-covid-kpy-U130290659820WnG-1248x770@El-Norte-300x185.jpg 300w, https:\/\/elluchador.info\/wp-content\/uploads\/2021\/09\/vacuna-covid-kpy-U130290659820WnG-1248x770@El-Norte-1024x632.jpg 1024w, https:\/\/elluchador.info\/wp-content\/uploads\/2021\/09\/vacuna-covid-kpy-U130290659820WnG-1248x770@El-Norte-768x474.jpg 768w, https:\/\/elluchador.info\/wp-content\/uploads\/2021\/09\/vacuna-covid-kpy-U130290659820WnG-1248x770@El-Norte-681x420.jpg 681w, https:\/\/elluchador.info\/wp-content\/uploads\/2021\/09\/vacuna-covid-kpy-U130290659820WnG-1248x770@El-Norte-640x395.jpg 640w, https:\/\/elluchador.info\/wp-content\/uploads\/2021\/09\/vacuna-covid-kpy-U130290659820WnG-1248x770@El-Norte.jpg 1248w\" sizes=\"auto, (max-width: 300px) 100vw, 300px\" \/><\/p>\n<p>El 7 de septiembre de 2021 llegaron al pa\u00eds\u00a0<strong>693.600<\/strong>\u00a0dosis de vacunas contra el covid-19, como parte del primer env\u00edo realizado por el Mecanismo\u00a0<strong>COVAX\u00a0<\/strong>y se procedi\u00f3 a la inmunizaci\u00f3n de la poblaci\u00f3n. En noviembre llega un nuevo lote con<strong>\u00a02.594.000<\/strong>\u00a0dosis de vacunas.<\/p>\n<p>Durante la segunda quincena de diciembre de 2021 las autoridades aseguraban que hab\u00edan sido vacunadas\u00a0<strong>11.608.305\u00a0<\/strong>personas con las dos dosis. En febrero de 2022 la cifra habr\u00edas ascendido a las\u00a0<strong>14.287.370 personas.<\/strong><\/p>\n<p>Pero una nueva variante del\u00a0<strong>COVID-19<\/strong>\u00a0complica la situaci\u00f3n sanitaria fuera y dentro del pa\u00eds. La cepa\u00a0<strong>\u00d3micron<\/strong>, mutaci\u00f3n del virus de alto contagio, aumenta la cifra de afectados, aunque las vacunas aten\u00faan los s\u00edntomas y disminuyen el riesgo de muerte. Hasta la fecha, las cifras oficiales indican que hasta la fecha se han registrado en el pa\u00eds\u00a0<strong>5.658<\/strong>\u00a0decesos por esta terrible enfermedad.<\/p>\n<p>El Impulso<\/p>\n<p>&nbsp;<\/p>\n","protected":false},"excerpt":{"rendered":"<p>La r\u00e1pida propagaci\u00f3n del coronavirus causante de la COVID-19, sorprendi\u00f3 al mundo en diciembre de 2019. El brote fue detectado en Wuhan, China, un mes antes; pero fue el 11 de marzo de 2020 cuando la Organizaci\u00f3n Mundial de la Salud (OMS) declar\u00f3 la pandemia mundial. Dos d\u00edas despu\u00e9s, Delcy Rodr\u00edguez, vicepresidenta ejecutiva del gobierno [&hellip;]<\/p>\n","protected":false},"author":2,"featured_media":206349,"comment_status":"closed","ping_status":"closed","sticky":false,"template":"","format":"standard","meta":{"footnotes":""},"categories":[5,9,19],"tags":[421,317,281,597,850,798,131,791,315,105],"class_list":{"0":"post-207681","1":"post","2":"type-post","3":"status-publish","4":"format-standard","5":"has-post-thumbnail","7":"category-destacado","8":"category-nacionales","9":"category-salud","10":"tag-covax","11":"tag-covid","12":"tag-covid-19","13":"tag-endemia","14":"tag-marzo","15":"tag-rusia","16":"tag-salud","17":"tag-ucrania","18":"tag-vacuna","19":"tag-venezuela"},"_links":{"self":[{"href":"https:\/\/elluchador.info\/index.php?rest_route=\/wp\/v2\/posts\/207681","targetHints":{"allow":["GET"]}}],"collection":[{"href":"https:\/\/elluchador.info\/index.php?rest_route=\/wp\/v2\/posts"}],"about":[{"href":"https:\/\/elluchador.info\/index.php?rest_route=\/wp\/v2\/types\/post"}],"author":[{"embeddable":true,"href":"https:\/\/elluchador.info\/index.php?rest_route=\/wp\/v2\/users\/2"}],"replies":[{"embeddable":true,"href":"https:\/\/elluchador.info\/index.php?rest_route=%2Fwp%2Fv2%2Fcomments&post=207681"}],"version-history":[{"count":1,"href":"https:\/\/elluchador.info\/index.php?rest_route=\/wp\/v2\/posts\/207681\/revisions"}],"predecessor-version":[{"id":207682,"href":"https:\/\/elluchador.info\/index.php?rest_route=\/wp\/v2\/posts\/207681\/revisions\/207682"}],"wp:featuredmedia":[{"embeddable":true,"href":"https:\/\/elluchador.info\/index.php?rest_route=\/wp\/v2\/media\/206349"}],"wp:attachment":[{"href":"https:\/\/elluchador.info\/index.php?rest_route=%2Fwp%2Fv2%2Fmedia&parent=207681"}],"wp:term":[{"taxonomy":"category","embeddable":true,"href":"https:\/\/elluchador.info\/index.php?rest_route=%2Fwp%2Fv2%2Fcategories&post=207681"},{"taxonomy":"post_tag","embeddable":true,"href":"https:\/\/elluchador.info\/index.php?rest_route=%2Fwp%2Fv2%2Ftags&post=207681"}],"curies":[{"name":"wp","href":"https:\/\/api.w.org\/{rel}","templated":true}]}}