{"id":207726,"date":"2022-03-16T10:22:33","date_gmt":"2022-03-16T14:22:33","guid":{"rendered":"https:\/\/elluchador.info\/web\/?p=207726"},"modified":"2022-03-16T10:22:33","modified_gmt":"2022-03-16T14:22:33","slug":"consorven-no-hay-nada-que-celebrar-cuando-las-personas-con-discapacidad-no-son-tomadas-en-cuenta","status":"publish","type":"post","link":"https:\/\/elluchador.info\/?p=207726","title":{"rendered":"Consorven: No hay nada que celebrar cuando las Personas con Discapacidad no son tomadas en cuenta"},"content":{"rendered":"<p><span lang=\"ES\">El d\u00eda de ayer el Parlamento venezolano proclam\u00f3 esta fecha como D\u00eda Nacional de las Personas con Discapacidad, dedicado al reconocimiento y dignidad de este grupo sectorial en el pa\u00eds.<\/span><\/p>\n<p>Juan \u00c1ngel De Gouveia, presidente de la Confederaci\u00f3n Sordos de Venezuela (Consorven), recalc\u00f3 que no hay nada que celebrar cuando las Personas con Discapacidad no son tomadas en cuenta y forman parte de la poblaci\u00f3n m\u00e1s vulnerable del pa\u00eds.<\/p>\n<p>\u201cEn Venezuela no se cumple con los preceptos contemplados en la Convenci\u00f3n Internacional sobre los Derechos de las Personas con Discapacidad (CDPD); no existen cifras oficiales actualizadas y disponibles donde el Estado tenga una base para crear pol\u00edticas serias en materia de seguridad social, salud, educaci\u00f3n, transporte, acceso a la justicia para que todos estemos incluidos y podamos actuar de manera aut\u00f3noma dentro de la sociedad. La Discapacidad no se ha salvado de la discriminaci\u00f3n pol\u00edtica en el pa\u00eds\u201d. Dijo De Gouveia.<\/p>\n<p>Agreg\u00f3 que los programas que desarrolla el Estado no son perdurables ni inclusivos, ya que mantienen una visi\u00f3n asistencialista, situaci\u00f3n que impide el ejercicio de la autonom\u00eda de las Personas con Discapacidad.<\/p>\n<p>\u201cHemos realizado estudio junto a otras Organizaciones de Personas con Discapacidad (OPD), donde se ha reportado que las misiones sociales han sido politizadas y en las jornadas de carnetizaci\u00f3n o certificaci\u00f3n de la discapacidad no existen procedimientos claros y accesibles\u201d. Se\u00f1al\u00f3 De Gouveia.<\/p>\n<p>Agreg\u00f3 que las cifras de Personas con Discapacidad atendidas por las Organizaciones de la Sociedad Civil (OSC) tampoco son consideradas por el Estado y las que maneja Conapdis no son de acceso p\u00fablico, creando una total ausencia de informaci\u00f3n.<\/p>\n<p>En ese orden de ideas, record\u00f3 que desde el pasado viernes 11 hasta este martes 15 de marzo, se desarroll\u00f3 en Suiza el Examen Inicial sobre la Convenci\u00f3n, donde el Comit\u00e9 de la CRDP (por sus siglas en ingl\u00e9s) de la Organizaci\u00f3n de Naciones Unidas (ONU), evalu\u00f3 al Estado venezolano en esta materia, donde pr\u00f3ximamente se conocer\u00e1 los resultados de la evaluaci\u00f3n.<\/p>\n<p>En esta ocasi\u00f3n la Sociedad Civil, donde tambi\u00e9n particip\u00f3 Consorven, enviaron a la ONU el Informe Alternativo donde se refleja las debilidades y acciones que debe considerar el Estado para el cumplimiento de la CDPD, especialmente en tema de salud, educaci\u00f3n, acceso a la justicia y accesibilidad f\u00edsica y comunicacional.<\/p>\n<p><span lang=\"ES\">En este proceso se resalt\u00f3 desde los miembros del Comit\u00e9 las carencias que dificultan el pleno goce de los Derechos de Personas con Discapacidad en Venezuela.<\/span><\/p>\n<p><span lang=\"ES\">Seg\u00fan estudio realizado por Consorven, en 12 estados del pa\u00eds, indica que 85% de las instituciones de justicia no cuentan con apoyo de Int\u00e9rpretes de Lengua de Se\u00f1as Venezolana. Afectando la comunidad de las personas con discapacidad auditiva a su debido proceso.<\/span><\/p>\n<p><span lang=\"ES\">Del mismo modo Amalia Gamio, Relatora del Comit\u00e9, resalt\u00f3 la importancia de la participaci\u00f3n de las Organizaciones de Personas con Discapacidad en la elaboraci\u00f3n de programas y proyectos, sin que medie ninguna obligaci\u00f3n para ello. Invit\u00f3 a no seguir enfocando la discapacidad desde el \u00e1ngulo m\u00e9dico sino en el de los derechos humanos, que es el de la Convenci\u00f3n y exhort\u00f3 a mejorar la recopilaci\u00f3n de estad\u00edsticas desglosadas, lo cual ser\u00e1 fundamental para la toma de decisiones en el terreno de las Personas con Discapacidad.<\/span><\/p>\n<p><span lang=\"ES\">Por su parte, Rosa Aldana, Co-Relatora del Comit\u00e9, recomend\u00f3 al Estado venezolano utilizar la terminolog\u00eda adecuada y visibilizar a las Personas con Discapacidad. Crear mecanismos de consulta, incluyendo las discapacidades de menor prevalencia.<\/span><\/p>\n<p>Finalmente, De Gouveia manifest\u00f3 que con base a los constantes estudios que se realizan desde la organizaci\u00f3n que preside, se han hecho recomendaciones, campa\u00f1as y comunicados dirigidos al Estado venezolano con el objetivo de asesorar en materia de discapacidad y derechos humanos, para mejorar la calidad de vida de las personas con discapacidad en el pa\u00eds.<\/p>\n<p>\u201cComo organizaci\u00f3n de y para Personas con Discapacidad, somos quienes mejor conocemos nuestra condici\u00f3n y requerimientos, por ello siempre estamos atentos y vigilantes a que se cumplan los art\u00edculos de la Convenci\u00f3n sobre los Derechos de las Personas con Discapacidad (CDPD) en el pa\u00eds, para que nadie se quede atr\u00e1s\u201d.<\/p>\n<p>Prensa Consorven<\/p>\n","protected":false},"excerpt":{"rendered":"<p>El d\u00eda de ayer el Parlamento venezolano proclam\u00f3 esta fecha como D\u00eda Nacional de las Personas con Discapacidad, dedicado al reconocimiento y dignidad de este grupo sectorial en el pa\u00eds. Juan \u00c1ngel De Gouveia, presidente de la Confederaci\u00f3n Sordos de Venezuela (Consorven), recalc\u00f3 que no hay nada que celebrar cuando las Personas con Discapacidad no [&hellip;]<\/p>\n","protected":false},"author":2,"featured_media":207727,"comment_status":"closed","ping_status":"closed","sticky":false,"template":"","format":"standard","meta":{"footnotes":""},"categories":[5,9],"tags":[90,854,855,856],"class_list":{"0":"post-207726","1":"post","2":"type-post","3":"status-publish","4":"format-standard","5":"has-post-thumbnail","7":"category-destacado","8":"category-nacionales","9":"tag-asamblea-nacional","10":"tag-consorven","11":"tag-discapacitados","12":"tag-parlamento"},"_links":{"self":[{"href":"https:\/\/elluchador.info\/index.php?rest_route=\/wp\/v2\/posts\/207726","targetHints":{"allow":["GET"]}}],"collection":[{"href":"https:\/\/elluchador.info\/index.php?rest_route=\/wp\/v2\/posts"}],"about":[{"href":"https:\/\/elluchador.info\/index.php?rest_route=\/wp\/v2\/types\/post"}],"author":[{"embeddable":true,"href":"https:\/\/elluchador.info\/index.php?rest_route=\/wp\/v2\/users\/2"}],"replies":[{"embeddable":true,"href":"https:\/\/elluchador.info\/index.php?rest_route=%2Fwp%2Fv2%2Fcomments&post=207726"}],"version-history":[{"count":1,"href":"https:\/\/elluchador.info\/index.php?rest_route=\/wp\/v2\/posts\/207726\/revisions"}],"predecessor-version":[{"id":207728,"href":"https:\/\/elluchador.info\/index.php?rest_route=\/wp\/v2\/posts\/207726\/revisions\/207728"}],"wp:featuredmedia":[{"embeddable":true,"href":"https:\/\/elluchador.info\/index.php?rest_route=\/wp\/v2\/media\/207727"}],"wp:attachment":[{"href":"https:\/\/elluchador.info\/index.php?rest_route=%2Fwp%2Fv2%2Fmedia&parent=207726"}],"wp:term":[{"taxonomy":"category","embeddable":true,"href":"https:\/\/elluchador.info\/index.php?rest_route=%2Fwp%2Fv2%2Fcategories&post=207726"},{"taxonomy":"post_tag","embeddable":true,"href":"https:\/\/elluchador.info\/index.php?rest_route=%2Fwp%2Fv2%2Ftags&post=207726"}],"curies":[{"name":"wp","href":"https:\/\/api.w.org\/{rel}","templated":true}]}}