{"id":207732,"date":"2022-03-16T10:50:51","date_gmt":"2022-03-16T14:50:51","guid":{"rendered":"https:\/\/elluchador.info\/web\/?p=207732"},"modified":"2022-03-16T10:50:51","modified_gmt":"2022-03-16T14:50:51","slug":"al-menos-15-atrapados-y-6-desaparecidos-deja-derrumbe-de-cerro-en-peru","status":"publish","type":"post","link":"https:\/\/elluchador.info\/?p=207732","title":{"rendered":"Al menos 15 atrapados y 6 desaparecidos deja derrumbe de cerro en Per\u00fa"},"content":{"rendered":"<p>Este accidente \u201c<strong>se produjo por las fuertes lluvias<\/strong>\u201d que cayeron en los \u00faltimos d\u00edas en esta regi\u00f3n norte\u00f1a, inform\u00f3 el gobernador de\u00a0<strong>La Libertad, Manuel Llemp\u00e9n<\/strong>, quien ha puesto a los cuerpos de rescatista de la localidad a disposici\u00f3n de esta operaci\u00f3n que se calcula dej\u00f3 sepultada entre 60 y 80 viviendas.<\/p>\n<p>El\u00a0Centro de Operaciones de Emergencia Nacional (Coen), de la\u00a0provincia de Pataz, en\u00a0Per\u00fa, inform\u00f3 que\u00a0al menos 15 personas permanecen atrapadas\u00a0y otras\u00a06 se encuentran desaparecidas\u00a0tras el deslizamiento de tierra ocurrido este martes 15 de marzo en el departamento de La Libertad.<\/p>\n<p>\u201cOficialmente,\u00a0tenemos 15 personas atrapadas y 6 desaparecidos. Se presume por la informaci\u00f3n que dan los pobladores que\u00a0hay m\u00e1s gente, pero tenemos que validarlo\u201d, dijo el coordinador del\u00a0Coen,\u00a0Rolando Capucho, a medios locales.<\/p>\n<p>Por su parte, el\u00a0<strong>Ministerio de Salud del Per\u00fa (Minsa)<\/strong>, resalt\u00f3 que entre los desaparecidos<strong>\u00a0hay tres menores de edad<\/strong>, quienes quedaron atrapados tras este\u00a0<strong>deslizamiento de tierra<\/strong>, adem\u00e1s informaron que activaron un escuadr\u00f3n para atender a toda la poblaci\u00f3n afectada de la localidad<\/p>\n<p>\u201c<strong>He dispuesto que el jefe del Instituto Nacional de Defensa Civil y el ministro de Defensa<\/strong>\u00a0acudan a la zona afectada por el deslizamiento de tierra en la\u00a0<strong>provincia de Pataz, en la regi\u00f3n La Libertad<\/strong>. Apoyaremos a las familias damnificadas y articularemos diversas acciones con las autoridades locales\u201d, se pronunci\u00f3 el\u00a0<strong>presidente peruano, Pedro Castillo<\/strong>, en sus redes sociales.<\/p>\n<p>El Impulso<\/p>\n","protected":false},"excerpt":{"rendered":"<p>Este accidente \u201cse produjo por las fuertes lluvias\u201d que cayeron en los \u00faltimos d\u00edas en esta regi\u00f3n norte\u00f1a, inform\u00f3 el gobernador de\u00a0La Libertad, Manuel Llemp\u00e9n, quien ha puesto a los cuerpos de rescatista de la localidad a disposici\u00f3n de esta operaci\u00f3n que se calcula dej\u00f3 sepultada entre 60 y 80 viviendas. El\u00a0Centro de Operaciones de [&hellip;]<\/p>\n","protected":false},"author":2,"featured_media":0,"comment_status":"closed","ping_status":"closed","sticky":false,"template":"","format":"standard","meta":{"footnotes":""},"categories":[5,8],"tags":[],"class_list":{"0":"post-207732","1":"post","2":"type-post","3":"status-publish","4":"format-standard","6":"category-destacado","7":"category-internacionales"},"_links":{"self":[{"href":"https:\/\/elluchador.info\/index.php?rest_route=\/wp\/v2\/posts\/207732","targetHints":{"allow":["GET"]}}],"collection":[{"href":"https:\/\/elluchador.info\/index.php?rest_route=\/wp\/v2\/posts"}],"about":[{"href":"https:\/\/elluchador.info\/index.php?rest_route=\/wp\/v2\/types\/post"}],"author":[{"embeddable":true,"href":"https:\/\/elluchador.info\/index.php?rest_route=\/wp\/v2\/users\/2"}],"replies":[{"embeddable":true,"href":"https:\/\/elluchador.info\/index.php?rest_route=%2Fwp%2Fv2%2Fcomments&post=207732"}],"version-history":[{"count":1,"href":"https:\/\/elluchador.info\/index.php?rest_route=\/wp\/v2\/posts\/207732\/revisions"}],"predecessor-version":[{"id":207733,"href":"https:\/\/elluchador.info\/index.php?rest_route=\/wp\/v2\/posts\/207732\/revisions\/207733"}],"wp:attachment":[{"href":"https:\/\/elluchador.info\/index.php?rest_route=%2Fwp%2Fv2%2Fmedia&parent=207732"}],"wp:term":[{"taxonomy":"category","embeddable":true,"href":"https:\/\/elluchador.info\/index.php?rest_route=%2Fwp%2Fv2%2Fcategories&post=207732"},{"taxonomy":"post_tag","embeddable":true,"href":"https:\/\/elluchador.info\/index.php?rest_route=%2Fwp%2Fv2%2Ftags&post=207732"}],"curies":[{"name":"wp","href":"https:\/\/api.w.org\/{rel}","templated":true}]}}