{"id":207755,"date":"2022-03-18T02:11:12","date_gmt":"2022-03-18T06:11:12","guid":{"rendered":"https:\/\/elluchador.info\/web\/?p=207755"},"modified":"2022-03-18T02:11:12","modified_gmt":"2022-03-18T06:11:12","slug":"onu-actualiza-informe-sobre-venezuela-hay-razones-para-creer-que-existen-crimenes-de-lesa-humanidad","status":"publish","type":"post","link":"https:\/\/elluchador.info\/?p=207755","title":{"rendered":"ONU actualiza informe sobre Venezuela: \u00abHay razones para creer que existen cr\u00edmenes de lesa humanidad\u00bb"},"content":{"rendered":"<p>La Misi\u00f3n de Determinaci\u00f3n de Hechos para Venezuela presenta este viernes 18 de marzo su nueva actualizaci\u00f3n oral sobre la crisis en la naci\u00f3n.<\/p>\n<div id=\"mc_embed_signup\">\n<form id=\"mc-embedded-subscribe-form\" class=\"validate\" action=\"https:\/\/lapatilla.us18.list-manage.com\/subscribe\/post?u=8a967f56d6c48f53779efaad2&amp;id=0cf32d0ade\" method=\"post\" name=\"mc-embedded-subscribe-form\" novalidate=\"\" target=\"_blank\">\n<div>\n<p>Marta Vali\u00f1as, Presidenta de la Misi\u00f3n Internacional Independiente de determinaci\u00f3n de los hechos sobre la Rep\u00fablica Bolivariana de Venezuela destac\u00f3 \u201cEl gobierno ha anunciado que tomar\u00e1 medidas para enfrentar la impunidad, aunque lo m\u00e1s importante es reconocer que existe un estado generalizado de impunidad, este es un avance positivo\u201d.<\/p>\n<p>Vali\u00f1as manifest\u00f3 que \u201cla falta de datos desglosados e informaci\u00f3n p\u00fablica impide a esta FFM, determinar si los avances en casos anunciados por el Fiscal Saab son realmente positivos\u201d.<\/p>\n<p>En su presentaci\u00f3n, la Presidenta de la Misi\u00f3n expres\u00f3 su preocupaci\u00f3n sobre el caso de la muerte de Rafael Acosta Ar\u00e9valo \u201cse dio una condena de 30 a\u00f1os a uno de los involucrados, anulando a la sentencia anterior, donde no se incluyeron casos de tortura\u201d. Asimismo, reiter\u00f3 que \u201cla participaci\u00f3n de las familias de las v\u00edctimas es necesaria para la justicia. Las familias de Alb\u00e1n y Acosta Ar\u00e9valo han denunciado que esto no ha ocurrido\u201d.<\/p>\n<p>En este sentido manifest\u00f3 que \u201cHasta los momentos, todas las sentencias involucran a funcionarios de bajos rangos, ninguna de los autores principales\u201d.<\/p>\n<h2>Falta de atenci\u00f3n m\u00e9dica a los presos<\/h2>\n<p>La Misi\u00f3n de Determinaci\u00f3n de Hechos expres\u00f3 en su informe presentado este viernes 18 de marzo su preocupaci\u00f3n ante la falta de atenci\u00f3n m\u00e9dica a los presos pol\u00edticos. El informe destaca la carencia de atenci\u00f3n m\u00e9dica para personas detenidas, \u201ccomo el fallecido general Baduel y la de su hijo, qui\u00e9n se encuentra detenido\u201d.<\/p>\n<p>Asimismo, menciona a\u00a0Emirlenes Ben\u00edtez, qui\u00e9n fue sometida a tortura en la Dgcim de Bole\u00edta, \u201cno ha recibido debida atenci\u00f3n m\u00e9dica y se encuentra postrada en una silla de ruedas\u201d.<\/p>\n<p>En este sentido destac\u00f3 que \u201cel a\u00f1o pasado se anunci\u00f3 un plan para abordar la existencia de fiscales provisionales, pero esta Misi\u00f3n not\u00f3 que solo busca modificar a los fiscales en funciones. Es preocupante que personas mencionadas en nuestros informes no hayan recibido atenci\u00f3n m\u00e9dica, a pesar de todas las solicitudes\u201d.<\/p>\n<p>Javier Tarazona, director de FundaRedes y el periodista venezolano, Roland Carre\u00f1o tambi\u00e9n fueron mencionados, expresando su preocupaci\u00f3n. \u201cSigue siendo preocupante las denuncias sobre los traslados a la Dgcim de Bole\u00edta\u201d destacando que Tarazona \u201cha sido v\u00edctima de tortura blanca\u201d. En el caso del periodista manifest\u00f3 que \u201ctambi\u00e9n es preocupante, sigue detenido en El Helicoide, a pesar de las irregularidades en su caso resaltadas en nuestro informe pasado\u201d.<\/p>\n<p>La misi\u00f3n adem\u00e1s mencion\u00f3 estar preocupada por la situaci\u00f3n de Orlando Moreno, qui\u00e9n luego de su liberaci\u00f3n denunci\u00f3 ser v\u00edctima de tortura. \u201cSu caso fue llevado a juicio. Nos preocupa que este sea un caso emblem\u00e1tico que muestre la falta de independencia del sistema judicial\u201d.<\/p>\n<h3>\u201cEsta Misi\u00f3n seguir\u00e1 trabajando de forma independiente\u201d<\/h3>\n<p>La Misi\u00f3n enfatiz\u00f3 que la vida cotidiana de los venezolanos sigue afectada. \u201cHan soportado una d\u00e9cada de profundizaci\u00f3n de una crisis y violaci\u00f3n de DDHH, lo que se ha visto agravado por la pandemia\u201d.<\/p>\n<p>En este sentido record\u00f3 la situaci\u00f3n que viven los venezolanos tras la llegada del gobierno de Nicol\u00e1s Maduro, lo que ha generado que millones de personas hayan tenido que abandonar su tierra natal para mejores condiciones de vida. \u201cEsta situaci\u00f3n ha llevado la migraci\u00f3n de 6 millones de personas\u201d.<\/p>\n<p>El informe detalla casos de ejecuciones extrajudiciales, desapariciones forzadas, detenciones arbitrarias y torturas y tratos crueles, inhumanos o degradantes, incluida la violencia sexual y de g\u00e9nero, cometidos por agentes estatales venezolanos desde 2014.<\/p>\n<p>Concluyen que hay motivos razonables \u201cpara creer que algunas de las conductas descritas en ese informe constituyen cr\u00edmenes de lesa humanidad\u201d.<\/p>\n<p><strong>Con informaci\u00f3n de La Patilla<\/strong><\/p>\n<\/div>\n<\/form>\n<\/div>\n","protected":false},"excerpt":{"rendered":"<p>La Misi\u00f3n de Determinaci\u00f3n de Hechos para Venezuela presenta este viernes 18 de marzo su nueva actualizaci\u00f3n oral sobre la crisis en la naci\u00f3n. Marta Vali\u00f1as, Presidenta de la Misi\u00f3n Internacional Independiente de determinaci\u00f3n de los hechos sobre la Rep\u00fablica Bolivariana de Venezuela destac\u00f3 \u201cEl gobierno ha anunciado que tomar\u00e1 medidas para enfrentar la impunidad, [&hellip;]<\/p>\n","protected":false},"author":2,"featured_media":137117,"comment_status":"closed","ping_status":"closed","sticky":false,"template":"","format":"standard","meta":{"footnotes":""},"categories":[5,8],"tags":[],"class_list":{"0":"post-207755","1":"post","2":"type-post","3":"status-publish","4":"format-standard","5":"has-post-thumbnail","7":"category-destacado","8":"category-internacionales"},"_links":{"self":[{"href":"https:\/\/elluchador.info\/index.php?rest_route=\/wp\/v2\/posts\/207755","targetHints":{"allow":["GET"]}}],"collection":[{"href":"https:\/\/elluchador.info\/index.php?rest_route=\/wp\/v2\/posts"}],"about":[{"href":"https:\/\/elluchador.info\/index.php?rest_route=\/wp\/v2\/types\/post"}],"author":[{"embeddable":true,"href":"https:\/\/elluchador.info\/index.php?rest_route=\/wp\/v2\/users\/2"}],"replies":[{"embeddable":true,"href":"https:\/\/elluchador.info\/index.php?rest_route=%2Fwp%2Fv2%2Fcomments&post=207755"}],"version-history":[{"count":1,"href":"https:\/\/elluchador.info\/index.php?rest_route=\/wp\/v2\/posts\/207755\/revisions"}],"predecessor-version":[{"id":207756,"href":"https:\/\/elluchador.info\/index.php?rest_route=\/wp\/v2\/posts\/207755\/revisions\/207756"}],"wp:featuredmedia":[{"embeddable":true,"href":"https:\/\/elluchador.info\/index.php?rest_route=\/wp\/v2\/media\/137117"}],"wp:attachment":[{"href":"https:\/\/elluchador.info\/index.php?rest_route=%2Fwp%2Fv2%2Fmedia&parent=207755"}],"wp:term":[{"taxonomy":"category","embeddable":true,"href":"https:\/\/elluchador.info\/index.php?rest_route=%2Fwp%2Fv2%2Fcategories&post=207755"},{"taxonomy":"post_tag","embeddable":true,"href":"https:\/\/elluchador.info\/index.php?rest_route=%2Fwp%2Fv2%2Ftags&post=207755"}],"curies":[{"name":"wp","href":"https:\/\/api.w.org\/{rel}","templated":true}]}}