{"id":207821,"date":"2022-03-20T13:46:40","date_gmt":"2022-03-20T17:46:40","guid":{"rendered":"https:\/\/elluchador.info\/web\/?p=207821"},"modified":"2022-03-20T13:46:40","modified_gmt":"2022-03-20T17:46:40","slug":"el-sabado-2-de-abril-se-reactivan-los-vuelos-en-ciudad-bolivar","status":"publish","type":"post","link":"https:\/\/elluchador.info\/?p=207821","title":{"rendered":"El s\u00e1bado 2 de abril se reactivan los vuelos en Ciudad Bol\u00edvar"},"content":{"rendered":"<p>El equipo del Servicio Aut\u00f3nomo de Aeropuertos Regionales (Saar) Bol\u00edvar inform\u00f3 a trav\u00e9s de sus redes sociales sobre una fruct\u00edfera reuni\u00f3n entre la Gobernaci\u00f3n de Bol\u00edvar con autoridades del Instituto Nacional de Aeron\u00e1utica Civil (INAC) para la reapertura del aeropuerto Tomas de Heres.<\/p>\n<p>El equipo de prensa del Saar Bol\u00edvar, confirm\u00f3 que para el 2 de abril ser\u00e1 la reapertura oficial de las operaciones del aeropuerto Tom\u00e1s de Heres.<\/p>\n<p>Destacaron que estar\u00e1n disponibles por ahora dos viajes, los cuales se realizar\u00e1n los d\u00edas s\u00e1bado de Caracas hacia Bol\u00edvar y domingo de retorno Bol\u00edvar- Caracas.<\/p>\n<p>Informaron que los vuelos se realizar\u00e1n a trav\u00e9s de Rutaca y que posteriormente estar\u00e1n activando m\u00e1s viajes con Conviasa, Estelar y Laser, respecto a esta \u00faltima se est\u00e1n estudiando algunas estrategias.<\/p>\n<p><strong>OTRAS RUTAS<\/strong><\/p>\n<p>Aseguraron que en dicho encuentro con el (INAC) se acord\u00f3 la reapertura de vuelos hacia Caicara del Orinoco, Puerto Ordaz, Gran Sabana y otras ciudades esto con la intenci\u00f3n de fortalecer el motor turismo en Bol\u00edvar.<\/p>\n<p><strong>Con la informci\u00f2n de EL DIARIO DE GUAYANA<\/strong><\/p>\n","protected":false},"excerpt":{"rendered":"<p>El equipo del Servicio Aut\u00f3nomo de Aeropuertos Regionales (Saar) Bol\u00edvar inform\u00f3 a trav\u00e9s de sus redes sociales sobre una fruct\u00edfera reuni\u00f3n entre la Gobernaci\u00f3n de Bol\u00edvar con autoridades del Instituto Nacional de Aeron\u00e1utica Civil (INAC) para la reapertura del aeropuerto Tomas de Heres. El equipo de prensa del Saar Bol\u00edvar, confirm\u00f3 que para el 2 [&hellip;]<\/p>\n","protected":false},"author":2,"featured_media":207822,"comment_status":"closed","ping_status":"closed","sticky":false,"template":"","format":"standard","meta":{"footnotes":""},"categories":[5,12],"tags":[306,868,136],"class_list":{"0":"post-207821","1":"post","2":"type-post","3":"status-publish","4":"format-standard","5":"has-post-thumbnail","7":"category-destacado","8":"category-regionales","9":"tag-ciudad-bolivar","10":"tag-tomas-de-heres","11":"tag-vuelos"},"_links":{"self":[{"href":"https:\/\/elluchador.info\/index.php?rest_route=\/wp\/v2\/posts\/207821","targetHints":{"allow":["GET"]}}],"collection":[{"href":"https:\/\/elluchador.info\/index.php?rest_route=\/wp\/v2\/posts"}],"about":[{"href":"https:\/\/elluchador.info\/index.php?rest_route=\/wp\/v2\/types\/post"}],"author":[{"embeddable":true,"href":"https:\/\/elluchador.info\/index.php?rest_route=\/wp\/v2\/users\/2"}],"replies":[{"embeddable":true,"href":"https:\/\/elluchador.info\/index.php?rest_route=%2Fwp%2Fv2%2Fcomments&post=207821"}],"version-history":[{"count":1,"href":"https:\/\/elluchador.info\/index.php?rest_route=\/wp\/v2\/posts\/207821\/revisions"}],"predecessor-version":[{"id":207823,"href":"https:\/\/elluchador.info\/index.php?rest_route=\/wp\/v2\/posts\/207821\/revisions\/207823"}],"wp:featuredmedia":[{"embeddable":true,"href":"https:\/\/elluchador.info\/index.php?rest_route=\/wp\/v2\/media\/207822"}],"wp:attachment":[{"href":"https:\/\/elluchador.info\/index.php?rest_route=%2Fwp%2Fv2%2Fmedia&parent=207821"}],"wp:term":[{"taxonomy":"category","embeddable":true,"href":"https:\/\/elluchador.info\/index.php?rest_route=%2Fwp%2Fv2%2Fcategories&post=207821"},{"taxonomy":"post_tag","embeddable":true,"href":"https:\/\/elluchador.info\/index.php?rest_route=%2Fwp%2Fv2%2Ftags&post=207821"}],"curies":[{"name":"wp","href":"https:\/\/api.w.org\/{rel}","templated":true}]}}