{"id":207874,"date":"2022-03-21T05:14:16","date_gmt":"2022-03-21T09:14:16","guid":{"rendered":"https:\/\/elluchador.info\/web\/?p=207874"},"modified":"2022-03-21T05:14:16","modified_gmt":"2022-03-21T09:14:16","slug":"usa-medias-disparejas-hoy-es-el-dia-mundial-del-sindrome-de-down","status":"publish","type":"post","link":"https:\/\/elluchador.info\/?p=207874","title":{"rendered":"\u00a1Usa medias disparejas! Hoy es el D\u00eda Mundial del S\u00edndrome de Down"},"content":{"rendered":"<p>El D\u00eda Mundial del S\u00edndrome de Down se celebra el 21 de marzo, desde el a\u00f1o 2012, por un decreto establecido en las Naciones Unidas.<\/p>\n<p>El principal objetivo de esta celebraci\u00f3n, es crear conciencia dentro de la sociedad y del valor que tienen estas personas, a pesar de su condici\u00f3n.<\/p>\n<p>Asimismo, revindicar sus aportaciones a la sociedad, derechos e independencia para la toma de sus propias decisiones y crecimiento personal.<\/p>\n<h2 id=\"resTit_2\">Tema para 2022<\/h2>\n<p>Seg\u00fan la\u00a0<a href=\"https:\/\/www.ds-int.org\/\" target=\"_blank\" rel=\"nofollow noopener\" data-type=\"extlink\">Asociaci\u00f3n Internacional del S\u00edndrome de Down<\/a>, el lema de 2022 para el D\u00eda Mundial del S\u00edndrome de Down es:\u00a0<em><strong>\u00abInclusi\u00f3n significa\u2026\u00bb<\/strong><\/em><\/p>\n<p>Es ampliamente aceptado que todos deber\u00edamos tener las mismas oportunidades, poder participar en las mismas actividades, poder ir a los mismos lugares y disfrutar de las mismas experiencias en la vida.<\/p>\n<p>Pero la realidad es que las personas con s\u00edndrome de down y discapacidad hoy en d\u00eda no se benefician de una participaci\u00f3n e inclusi\u00f3n plena y efectiva en la sociedad. Y uno de los motivos es el concepto de \u00abinclusi\u00f3n\u00bb y c\u00f3mo son los sistemas inclusivos en la pr\u00e1ctica.<\/p>\n<h4><strong>Calcetines disparejos para celebrar el D\u00eda Mundial del S\u00edndrome de Down<\/strong><\/h4>\n<p>Los\u00a0<strong>calcetines\u00a0<\/strong>fueron elegidos como un s\u00edmbolo del\u00a0<strong>D\u00eda Mundial del S\u00edndrome de Down<\/strong>\u00a0porque tienen una forma similar a la de los cromosomas.<\/p>\n<p>En el 2018, una ni\u00f1a brit\u00e1nica llamada\u00a0<strong>Chloe Lennon<\/strong>\u00a0viraliz\u00f3 la pr\u00e1ctica de utilizar\u00a0<strong>calcetines de colores diferentes<\/strong>\u00a0gracias a un\u00a0video publicado en\u00a0redes sociales.\u00a0La peque\u00f1a \u2014que tiene\u00a0<strong>S\u00edndrome de Down<\/strong>\u2014 pidi\u00f3 a todos usar\u00a0<strong>calcetines de colores diferentes\u00a0<\/strong>en cada pie para \u00abcelebrar este d\u00eda\u00bb.<\/p>\n<p>A partir de ese momento, quienes conocen o viven con alguien con este s\u00edndrome se pusieron un calcet\u00edn diferente en cada pie, y colgaron las fotos en redes sociales.<\/p>\n<p>www.facebook.com\/1091836816\/videos\/10214549140497540\/<\/p>\n<p>Si te quieres unir a esta celebraci\u00f3n puedes publicar tu foto con calcetines disparejos y usar los hashtags: #rockyoursocks #LotsOfSocks #CalcetinesDesparejados y #CalcetinesDisparejos #jadelennon #chloe #sindromededown #down #21demarzo #calcetinesdesparejados.<\/p>\n<p><strong>Texto de WTC Radio con informaci\u00f3n de agencias<\/strong><\/p>\n","protected":false},"excerpt":{"rendered":"<p>El D\u00eda Mundial del S\u00edndrome de Down se celebra el 21 de marzo, desde el a\u00f1o 2012, por un decreto establecido en las Naciones Unidas. El principal objetivo de esta celebraci\u00f3n, es crear conciencia dentro de la sociedad y del valor que tienen estas personas, a pesar de su condici\u00f3n. Asimismo, revindicar sus aportaciones a [&hellip;]<\/p>\n","protected":false},"author":2,"featured_media":207875,"comment_status":"closed","ping_status":"closed","sticky":false,"template":"","format":"standard","meta":{"footnotes":""},"categories":[5,24],"tags":[],"class_list":{"0":"post-207874","1":"post","2":"type-post","3":"status-publish","4":"format-standard","5":"has-post-thumbnail","7":"category-destacado","8":"category-efemerides"},"_links":{"self":[{"href":"https:\/\/elluchador.info\/index.php?rest_route=\/wp\/v2\/posts\/207874","targetHints":{"allow":["GET"]}}],"collection":[{"href":"https:\/\/elluchador.info\/index.php?rest_route=\/wp\/v2\/posts"}],"about":[{"href":"https:\/\/elluchador.info\/index.php?rest_route=\/wp\/v2\/types\/post"}],"author":[{"embeddable":true,"href":"https:\/\/elluchador.info\/index.php?rest_route=\/wp\/v2\/users\/2"}],"replies":[{"embeddable":true,"href":"https:\/\/elluchador.info\/index.php?rest_route=%2Fwp%2Fv2%2Fcomments&post=207874"}],"version-history":[{"count":1,"href":"https:\/\/elluchador.info\/index.php?rest_route=\/wp\/v2\/posts\/207874\/revisions"}],"predecessor-version":[{"id":207876,"href":"https:\/\/elluchador.info\/index.php?rest_route=\/wp\/v2\/posts\/207874\/revisions\/207876"}],"wp:featuredmedia":[{"embeddable":true,"href":"https:\/\/elluchador.info\/index.php?rest_route=\/wp\/v2\/media\/207875"}],"wp:attachment":[{"href":"https:\/\/elluchador.info\/index.php?rest_route=%2Fwp%2Fv2%2Fmedia&parent=207874"}],"wp:term":[{"taxonomy":"category","embeddable":true,"href":"https:\/\/elluchador.info\/index.php?rest_route=%2Fwp%2Fv2%2Fcategories&post=207874"},{"taxonomy":"post_tag","embeddable":true,"href":"https:\/\/elluchador.info\/index.php?rest_route=%2Fwp%2Fv2%2Ftags&post=207874"}],"curies":[{"name":"wp","href":"https:\/\/api.w.org\/{rel}","templated":true}]}}