{"id":207883,"date":"2022-03-21T15:08:02","date_gmt":"2022-03-21T19:08:02","guid":{"rendered":"https:\/\/elluchador.info\/web\/?p=207883"},"modified":"2022-03-21T15:08:02","modified_gmt":"2022-03-21T19:08:02","slug":"en-el-peru-tambien-hay-problemas-que-resolver","status":"publish","type":"post","link":"https:\/\/elluchador.info\/?p=207883","title":{"rendered":"En el Per\u00fa tambi\u00e9n hay problemas que resolver"},"content":{"rendered":"<p>Recorrer las comunidades te permite encontrar y conocer las problem\u00e1ticas b\u00e1sicas de la gente. Nos acercamos a la urbanizaci\u00f3n El Per\u00fa, especialmente en el sector 05 y pudimos constatar que no est\u00e1 funcionando entre la calle 16 y la calle 20 de esa comunidad.<\/p>\n<p>En la calle n\u00b0 16 tienen dos problem\u00e1ticas en una, y es que los vecinos de esa zona tienen m\u00e1s de tres meses sin transformador, teniendo que tomar energ\u00eda de otro transformador cercano, lo que genera una situaci\u00f3n de peligro para los artefactos el\u00e9ctricos. Y tambi\u00e9n en la calle hay un bote de aguas negras, lo que emana olores putrefactos y contaminaci\u00f3n a los alrededores, tambi\u00e9n la calle est\u00e1 totalmente destruida.<\/p>\n<figure id=\"attachment_207886\" aria-describedby=\"caption-attachment-207886\" style=\"width: 608px\" class=\"wp-caption alignnone\"><img loading=\"lazy\" decoding=\"async\" class=\"size-full wp-image-207886\" src=\"https:\/\/elluchador.info\/web\/wp-content\/uploads\/2022\/03\/Calle-El-Peru.jpg\" alt=\"\" width=\"608\" height=\"1080\" srcset=\"https:\/\/elluchador.info\/wp-content\/uploads\/2022\/03\/Calle-El-Peru.jpg 608w, https:\/\/elluchador.info\/wp-content\/uploads\/2022\/03\/Calle-El-Peru-169x300.jpg 169w, https:\/\/elluchador.info\/wp-content\/uploads\/2022\/03\/Calle-El-Peru-576x1024.jpg 576w, https:\/\/elluchador.info\/wp-content\/uploads\/2022\/03\/Calle-El-Peru-236x420.jpg 236w\" sizes=\"auto, (max-width: 608px) 100vw, 608px\" \/><figcaption id=\"caption-attachment-207886\" class=\"wp-caption-text\">Foto cortes\u00eda de Yanitza Mart\u00ednez<\/figcaption><\/figure>\n<p>Por otro lado, conversamos con el se\u00f1or Emilio Orta, quien nos manifest\u00f3 la situaci\u00f3n que tienen en la calle 20 del mismo sector \u00abTenemos una situaci\u00f3n con la cancha deportiva que actualmente est\u00e1 inactiva por las condiciones de la infraestructura. Pero que se debe recuperar para las actividades deportivas de los ni\u00f1os y j\u00f3venes de la comunidad. Porque hay la intensi\u00f3n de otras personas, al lado quieren construir una iglesia cristiana evang\u00e9lica y, a ellos se les don\u00f3 unos metros de terreno, pero se tomaron m\u00e1s de lo acordado del per\u00edmetro, y los vecinos nos estamos oponiendo, porque ser\u00eda invadir la cancha. No tengo nada en contra de las iglesias, pero eso es algo que debemos solucionar de la forma m\u00e1s sensata.<\/p>\n<figure id=\"attachment_207885\" aria-describedby=\"caption-attachment-207885\" style=\"width: 608px\" class=\"wp-caption alignnone\"><img loading=\"lazy\" decoding=\"async\" class=\"size-full wp-image-207885\" src=\"https:\/\/elluchador.info\/web\/wp-content\/uploads\/2022\/03\/Emilio-Orta-habitante-de-la-comunidad.jpg\" alt=\"\" width=\"608\" height=\"1080\" srcset=\"https:\/\/elluchador.info\/wp-content\/uploads\/2022\/03\/Emilio-Orta-habitante-de-la-comunidad.jpg 608w, https:\/\/elluchador.info\/wp-content\/uploads\/2022\/03\/Emilio-Orta-habitante-de-la-comunidad-169x300.jpg 169w, https:\/\/elluchador.info\/wp-content\/uploads\/2022\/03\/Emilio-Orta-habitante-de-la-comunidad-576x1024.jpg 576w, https:\/\/elluchador.info\/wp-content\/uploads\/2022\/03\/Emilio-Orta-habitante-de-la-comunidad-236x420.jpg 236w\" sizes=\"auto, (max-width: 608px) 100vw, 608px\" \/><figcaption id=\"caption-attachment-207885\" class=\"wp-caption-text\">Emilio Orta, habitante de la comunidad<\/figcaption><\/figure>\n<p>Igualmente nos coment\u00f3, del estadio deportivo que funcionaba all\u00ed y que poco a poco personas sin sentido de responsabilidad social, lo fueron desmantelando. Hasta el a\u00f1o pasado estuvo en funcionamiento, donde la comunidad asist\u00eda a disfrutar de los eventos deportivos que se realizaban en ese lugar.<\/p>\n<p><strong>Yanitza Mart\u00ednez CNP 19.403<\/strong><\/p>\n","protected":false},"excerpt":{"rendered":"<p>Recorrer las comunidades te permite encontrar y conocer las problem\u00e1ticas b\u00e1sicas de la gente. Nos acercamos a la urbanizaci\u00f3n El Per\u00fa, especialmente en el sector 05 y pudimos constatar que no est\u00e1 funcionando entre la calle 16 y la calle 20 de esa comunidad. En la calle n\u00b0 16 tienen dos problem\u00e1ticas en una, y [&hellip;]<\/p>\n","protected":false},"author":2,"featured_media":207884,"comment_status":"closed","ping_status":"closed","sticky":false,"template":"","format":"standard","meta":{"footnotes":""},"categories":[5,12],"tags":[],"class_list":{"0":"post-207883","1":"post","2":"type-post","3":"status-publish","4":"format-standard","5":"has-post-thumbnail","7":"category-destacado","8":"category-regionales"},"_links":{"self":[{"href":"https:\/\/elluchador.info\/index.php?rest_route=\/wp\/v2\/posts\/207883","targetHints":{"allow":["GET"]}}],"collection":[{"href":"https:\/\/elluchador.info\/index.php?rest_route=\/wp\/v2\/posts"}],"about":[{"href":"https:\/\/elluchador.info\/index.php?rest_route=\/wp\/v2\/types\/post"}],"author":[{"embeddable":true,"href":"https:\/\/elluchador.info\/index.php?rest_route=\/wp\/v2\/users\/2"}],"replies":[{"embeddable":true,"href":"https:\/\/elluchador.info\/index.php?rest_route=%2Fwp%2Fv2%2Fcomments&post=207883"}],"version-history":[{"count":1,"href":"https:\/\/elluchador.info\/index.php?rest_route=\/wp\/v2\/posts\/207883\/revisions"}],"predecessor-version":[{"id":207887,"href":"https:\/\/elluchador.info\/index.php?rest_route=\/wp\/v2\/posts\/207883\/revisions\/207887"}],"wp:featuredmedia":[{"embeddable":true,"href":"https:\/\/elluchador.info\/index.php?rest_route=\/wp\/v2\/media\/207884"}],"wp:attachment":[{"href":"https:\/\/elluchador.info\/index.php?rest_route=%2Fwp%2Fv2%2Fmedia&parent=207883"}],"wp:term":[{"taxonomy":"category","embeddable":true,"href":"https:\/\/elluchador.info\/index.php?rest_route=%2Fwp%2Fv2%2Fcategories&post=207883"},{"taxonomy":"post_tag","embeddable":true,"href":"https:\/\/elluchador.info\/index.php?rest_route=%2Fwp%2Fv2%2Ftags&post=207883"}],"curies":[{"name":"wp","href":"https:\/\/api.w.org\/{rel}","templated":true}]}}