{"id":207888,"date":"2022-03-21T16:31:41","date_gmt":"2022-03-21T20:31:41","guid":{"rendered":"https:\/\/elluchador.info\/web\/?p=207888"},"modified":"2022-03-21T16:31:41","modified_gmt":"2022-03-21T20:31:41","slug":"vienen-mas-devoluciones-de-empresas-expropiadas-este-ano","status":"publish","type":"post","link":"https:\/\/elluchador.info\/?p=207888","title":{"rendered":"Vienen m\u00e1s devoluciones de empresas expropiadas este a\u00f1o"},"content":{"rendered":"<p>El diputado y primer vicepresidente de la Comisi\u00f3n de Dialogo, Paz y Reconciliaci\u00f3n, Luis Eduardo Mart\u00ednez, inform\u00f3, en una entrevista que la entidad parlamentaria ha venido realizando encuentros con el directorio de Fedec\u00e1maras y durante meses, trabajaron en distintos temas de inter\u00e9s y uno de ellos fue la elaboraci\u00f3n de un listado y posteriores entrevistas con due\u00f1os de empresas que, en el transcurso de estos \u00faltimos a\u00f1os, han pasado a manos del Estado.<\/p>\n<p>En el proceso de evaluaci\u00f3n de las situaciones particulares de estas empresas participaron, adem\u00e1s, los diputados Francisco Torrealba, Jos\u00e9 Gregorio Correa, Mayor General Antonio Benavides Torres y \u00d3scar Ronderos.<\/p>\n<p>\u201cLa primera de la lista era el Centro Sambil La Candelaria. Hicimos tambi\u00e9n unas sesiones de trabajo con la familia Coh\u00e9n y se present\u00f3 un informe al Ejecutivo Nacional, concretamente a la Vicepresidencia de la Rep\u00fablica, con la solicitud de la devoluci\u00f3n.<\/p>\n<p>Despu\u00e9s de las diligencias que se efectuaron y la acci\u00f3n de la Procuradur\u00eda General de la Rep\u00fablica, se concret\u00f3 la devoluci\u00f3n\u201d, explic\u00f3 Mart\u00ednez.<\/p>\n<p>El parlamentario anunci\u00f3 que trabajan en esa lista de empresas expropiadas, con la intenci\u00f3n de que sean devueltas a sus due\u00f1os originales de forma progresiva. No revel\u00f3 los nombres de las empresas para no entorpecer los avances de las conversaciones que, asegur\u00f3, \u00abest\u00e1n bastantes adelantadas\u00bb;\u00a0<strong>sin embargo, destac\u00f3 que pertenecen a los sectores industrial, servicios y agropecuario.<\/strong><\/p>\n<p>\u201cPr\u00f3ximamente se inicia una segunda etapa del proceso de dialogo y entre los temas a los que se le dar\u00e1 prioridad est\u00e1 atender estas solicitudes. No podemos decir que la semana que viene estos casos van a estar resueltos porque es un proceso complejo;\u00a0<strong>pero si est\u00e1 en la agenda de actividades de la Comisi\u00f3n de Dialogo, Paz y Reconciliaci\u00f3n para este a\u00f1o adelantar gestiones para devoluci\u00f3n de empresas<\/strong>\u201d, indic\u00f3 el diputado Mart\u00ednez.<\/p>\n<p>El parlamentario Luis Eduardo Mart\u00ednez calific\u00f3 la devoluci\u00f3n de la infraestructura del Sambil La Candelaria como una \u201cbuen\u00edsima se\u00f1al\u201d de lo que el dialogo puede lograr.<\/p>\n<p>Banca y Negocios<\/p>\n","protected":false},"excerpt":{"rendered":"<p>El diputado y primer vicepresidente de la Comisi\u00f3n de Dialogo, Paz y Reconciliaci\u00f3n, Luis Eduardo Mart\u00ednez, inform\u00f3, en una entrevista que la entidad parlamentaria ha venido realizando encuentros con el directorio de Fedec\u00e1maras y durante meses, trabajaron en distintos temas de inter\u00e9s y uno de ellos fue la elaboraci\u00f3n de un listado y posteriores entrevistas [&hellip;]<\/p>\n","protected":false},"author":2,"featured_media":207889,"comment_status":"closed","ping_status":"closed","sticky":false,"template":"","format":"standard","meta":{"footnotes":""},"categories":[5,9],"tags":[],"class_list":{"0":"post-207888","1":"post","2":"type-post","3":"status-publish","4":"format-standard","5":"has-post-thumbnail","7":"category-destacado","8":"category-nacionales"},"_links":{"self":[{"href":"https:\/\/elluchador.info\/index.php?rest_route=\/wp\/v2\/posts\/207888","targetHints":{"allow":["GET"]}}],"collection":[{"href":"https:\/\/elluchador.info\/index.php?rest_route=\/wp\/v2\/posts"}],"about":[{"href":"https:\/\/elluchador.info\/index.php?rest_route=\/wp\/v2\/types\/post"}],"author":[{"embeddable":true,"href":"https:\/\/elluchador.info\/index.php?rest_route=\/wp\/v2\/users\/2"}],"replies":[{"embeddable":true,"href":"https:\/\/elluchador.info\/index.php?rest_route=%2Fwp%2Fv2%2Fcomments&post=207888"}],"version-history":[{"count":1,"href":"https:\/\/elluchador.info\/index.php?rest_route=\/wp\/v2\/posts\/207888\/revisions"}],"predecessor-version":[{"id":207890,"href":"https:\/\/elluchador.info\/index.php?rest_route=\/wp\/v2\/posts\/207888\/revisions\/207890"}],"wp:featuredmedia":[{"embeddable":true,"href":"https:\/\/elluchador.info\/index.php?rest_route=\/wp\/v2\/media\/207889"}],"wp:attachment":[{"href":"https:\/\/elluchador.info\/index.php?rest_route=%2Fwp%2Fv2%2Fmedia&parent=207888"}],"wp:term":[{"taxonomy":"category","embeddable":true,"href":"https:\/\/elluchador.info\/index.php?rest_route=%2Fwp%2Fv2%2Fcategories&post=207888"},{"taxonomy":"post_tag","embeddable":true,"href":"https:\/\/elluchador.info\/index.php?rest_route=%2Fwp%2Fv2%2Ftags&post=207888"}],"curies":[{"name":"wp","href":"https:\/\/api.w.org\/{rel}","templated":true}]}}