{"id":207901,"date":"2022-03-21T16:49:37","date_gmt":"2022-03-21T20:49:37","guid":{"rendered":"https:\/\/elluchador.info\/web\/?p=207901"},"modified":"2022-03-21T16:49:37","modified_gmt":"2022-03-21T20:49:37","slug":"los-nuevos-magistrados-seran-definidos-a-fin-de-mes","status":"publish","type":"post","link":"https:\/\/elluchador.info\/?p=207901","title":{"rendered":"Los nuevos magistrados seran definidos a fin de mes"},"content":{"rendered":"<p>El diputado Antonio Benavides Torres,\u00a0integrante de la comisi\u00f3n para el Di\u00e1logo, Paz y Reconciliaci\u00f3n y miembro de la comisi\u00f3n especial para la Reforma del Sistema Judicial, \u00a0precis\u00f3 que esperan a principios del mes de abril ya tener seleccionados a los nuevos magistrados del Tribunal Supremo de Justicia \u2013TSJ-.<\/p>\n<h4>\u201cA fin de mes o principios del que viene tendremos definidos los 20 magistrados que van a integrar en nuevo TSJ\u201d, subray\u00f3.<\/h4>\n<p>En entrevista con\u00a0<em>Esther Quiaro<\/em>\u00a0en el espacio\u00a0<em>Al Instante<\/em>\u00a0de\u00a0<em>Uni\u00f3n Radio,\u00a0<\/em>destac\u00f3 que con esta reforma se busca ponerse a tono nacional e internacionalmente con el tema de los derechos humanos \u2013DDHH-. \u201cEs una clara demostraci\u00f3n de que nosotros queremos ponernos de la mano con las instituciones a nivel internacional en cuanto a los DDHH\u201d.<\/p>\n<p><strong>\u201cEs un tema de conciencia y de preparar a nuestros funcionarios militares y policiales<\/strong> a fin de que puedan elaborar las respectivos procedimientos y actas policiales para que pueda esta gente que est\u00e1 incursa en alg\u00fan tipo de delito puedan disfrutar de los beneficios que el Estado venezolano le brinda a trav\u00e9s de sus leyes\u201d, aclar\u00f3.<\/p>\n<p><strong>Uni\u00f3n Radio<\/strong><\/p>\n","protected":false},"excerpt":{"rendered":"<p>El diputado Antonio Benavides Torres,\u00a0integrante de la comisi\u00f3n para el Di\u00e1logo, Paz y Reconciliaci\u00f3n y miembro de la comisi\u00f3n especial para la Reforma del Sistema Judicial, \u00a0precis\u00f3 que esperan a principios del mes de abril ya tener seleccionados a los nuevos magistrados del Tribunal Supremo de Justicia \u2013TSJ-. \u201cA fin de mes o principios del [&hellip;]<\/p>\n","protected":false},"author":2,"featured_media":207902,"comment_status":"closed","ping_status":"closed","sticky":false,"template":"","format":"standard","meta":{"footnotes":""},"categories":[5,9],"tags":[],"class_list":{"0":"post-207901","1":"post","2":"type-post","3":"status-publish","4":"format-standard","5":"has-post-thumbnail","7":"category-destacado","8":"category-nacionales"},"_links":{"self":[{"href":"https:\/\/elluchador.info\/index.php?rest_route=\/wp\/v2\/posts\/207901","targetHints":{"allow":["GET"]}}],"collection":[{"href":"https:\/\/elluchador.info\/index.php?rest_route=\/wp\/v2\/posts"}],"about":[{"href":"https:\/\/elluchador.info\/index.php?rest_route=\/wp\/v2\/types\/post"}],"author":[{"embeddable":true,"href":"https:\/\/elluchador.info\/index.php?rest_route=\/wp\/v2\/users\/2"}],"replies":[{"embeddable":true,"href":"https:\/\/elluchador.info\/index.php?rest_route=%2Fwp%2Fv2%2Fcomments&post=207901"}],"version-history":[{"count":1,"href":"https:\/\/elluchador.info\/index.php?rest_route=\/wp\/v2\/posts\/207901\/revisions"}],"predecessor-version":[{"id":207903,"href":"https:\/\/elluchador.info\/index.php?rest_route=\/wp\/v2\/posts\/207901\/revisions\/207903"}],"wp:featuredmedia":[{"embeddable":true,"href":"https:\/\/elluchador.info\/index.php?rest_route=\/wp\/v2\/media\/207902"}],"wp:attachment":[{"href":"https:\/\/elluchador.info\/index.php?rest_route=%2Fwp%2Fv2%2Fmedia&parent=207901"}],"wp:term":[{"taxonomy":"category","embeddable":true,"href":"https:\/\/elluchador.info\/index.php?rest_route=%2Fwp%2Fv2%2Fcategories&post=207901"},{"taxonomy":"post_tag","embeddable":true,"href":"https:\/\/elluchador.info\/index.php?rest_route=%2Fwp%2Fv2%2Ftags&post=207901"}],"curies":[{"name":"wp","href":"https:\/\/api.w.org\/{rel}","templated":true}]}}