{"id":207907,"date":"2022-03-22T09:09:24","date_gmt":"2022-03-22T13:09:24","guid":{"rendered":"https:\/\/elluchador.info\/web\/?p=207907"},"modified":"2022-03-22T09:09:24","modified_gmt":"2022-03-22T13:09:24","slug":"quedan-pocos-dias-seniat-llama-a-declarar-y-pagar-el-islr-antes-del-31-de-marzo","status":"publish","type":"post","link":"https:\/\/elluchador.info\/?p=207907","title":{"rendered":"\u00abQuedan pocos d\u00edas\u00bb: Seniat llama a declarar y pagar el ISLR antes del 31 de marzo"},"content":{"rendered":"<p>El superintendente para el Servicio Nacional Integrado de Administraci\u00f3n Aduanera y Tributaria (Seniat),\u00a0<strong>Jos\u00e9 David Cabello<\/strong>, record\u00f3 a los contribuyentes que el pago y la declaraci\u00f3n del Impuesto Sobre la Renta (ISLR) es hasta el pr\u00f3ximo 31 de marzo.<\/p>\n<p>La informaci\u00f3n fue difundida a trav\u00e9s de la red social Twitter @jdavidcabello, en donde manifest\u00f3: \u00abSi a\u00fan no has declarado el Impuesto Sobre la Renta aprovecha estos \u00faltimos d\u00edas del mes de marzo e ingresa al Portal del @Seniat_Oficial y hazlo\u201d.<\/p>\n<p>Cabellos se\u00f1al\u00f3 que con el aporte de los contribuyentes se busca sumar a la recuperaci\u00f3n econ\u00f3mica del pa\u00eds.<\/p>\n<p>Asimismo, el Superintendente del Seniat subray\u00f3 que \u00abla Patria la construimos juntos y tu aporte es importante para lograrlo. Quedan pocos d\u00edas para que puedas declarar y pagar el ISLR. Ponte al d\u00eda, ingresa al Portal Fiscal\u00a0<a href=\"http:\/\/seniat.gob.ve\/\">http:\/\/seniat.gob.ve<\/a>\u201d.<\/p>\n<p><strong>Con informaci\u00f3n de VTV<\/strong><\/p>\n","protected":false},"excerpt":{"rendered":"<p>El superintendente para el Servicio Nacional Integrado de Administraci\u00f3n Aduanera y Tributaria (Seniat),\u00a0Jos\u00e9 David Cabello, record\u00f3 a los contribuyentes que el pago y la declaraci\u00f3n del Impuesto Sobre la Renta (ISLR) es hasta el pr\u00f3ximo 31 de marzo. La informaci\u00f3n fue difundida a trav\u00e9s de la red social Twitter @jdavidcabello, en donde manifest\u00f3: \u00abSi a\u00fan [&hellip;]<\/p>\n","protected":false},"author":2,"featured_media":112093,"comment_status":"closed","ping_status":"closed","sticky":false,"template":"","format":"standard","meta":{"footnotes":""},"categories":[5,6],"tags":[],"class_list":{"0":"post-207907","1":"post","2":"type-post","3":"status-publish","4":"format-standard","5":"has-post-thumbnail","7":"category-destacado","8":"category-economia"},"_links":{"self":[{"href":"https:\/\/elluchador.info\/index.php?rest_route=\/wp\/v2\/posts\/207907","targetHints":{"allow":["GET"]}}],"collection":[{"href":"https:\/\/elluchador.info\/index.php?rest_route=\/wp\/v2\/posts"}],"about":[{"href":"https:\/\/elluchador.info\/index.php?rest_route=\/wp\/v2\/types\/post"}],"author":[{"embeddable":true,"href":"https:\/\/elluchador.info\/index.php?rest_route=\/wp\/v2\/users\/2"}],"replies":[{"embeddable":true,"href":"https:\/\/elluchador.info\/index.php?rest_route=%2Fwp%2Fv2%2Fcomments&post=207907"}],"version-history":[{"count":1,"href":"https:\/\/elluchador.info\/index.php?rest_route=\/wp\/v2\/posts\/207907\/revisions"}],"predecessor-version":[{"id":207908,"href":"https:\/\/elluchador.info\/index.php?rest_route=\/wp\/v2\/posts\/207907\/revisions\/207908"}],"wp:featuredmedia":[{"embeddable":true,"href":"https:\/\/elluchador.info\/index.php?rest_route=\/wp\/v2\/media\/112093"}],"wp:attachment":[{"href":"https:\/\/elluchador.info\/index.php?rest_route=%2Fwp%2Fv2%2Fmedia&parent=207907"}],"wp:term":[{"taxonomy":"category","embeddable":true,"href":"https:\/\/elluchador.info\/index.php?rest_route=%2Fwp%2Fv2%2Fcategories&post=207907"},{"taxonomy":"post_tag","embeddable":true,"href":"https:\/\/elluchador.info\/index.php?rest_route=%2Fwp%2Fv2%2Ftags&post=207907"}],"curies":[{"name":"wp","href":"https:\/\/api.w.org\/{rel}","templated":true}]}}