{"id":207918,"date":"2022-03-22T11:48:15","date_gmt":"2022-03-22T15:48:15","guid":{"rendered":"https:\/\/elluchador.info\/web\/?p=207918"},"modified":"2022-03-22T11:48:15","modified_gmt":"2022-03-22T15:48:15","slug":"costa-rica-panama-y-dominicana-se-alian-con-ee-uu-para-atender-migracion","status":"publish","type":"post","link":"https:\/\/elluchador.info\/?p=207918","title":{"rendered":"Costa Rica, Panam\u00e1 y Dominicana se al\u00edan con EE UU para atender migraci\u00f3n"},"content":{"rendered":"<p>Costa Rica, Panam\u00e1 y Rep\u00fablica Dominicana, pa\u00edses de tr\u00e1nsito de miles de migrantes que buscan llegar irregularmente a Estados Unidos, establecieron una alianza estrat\u00e9gica con Washington para \u00abatender las causas estructurales de la migraci\u00f3n\u00bb, informaron el lunes sus gobiernos.<\/p>\n<p>El acuerdo se alcanz\u00f3 en San Jos\u00e9 durante la IV Cumbre de la Alianza para el Desarrollo en Democracia, que agrupa a los mandatarios de estos tres pa\u00edses de Am\u00e9rica Latina.<\/p>\n<p>Sus territorios son utilizados por migrantes que suben desde Am\u00e9rica del Sur y el Caribe, mayoritariamente haitianos que dejaron su pa\u00eds en los \u00faltimos a\u00f1os, aunque tambi\u00e9n venezolanos, cubanos y africanos. Su destino es Norteam\u00e9rica.<\/p>\n<p>\u00abComo aliado, el pa\u00eds norteamericano contribuir\u00e1 en los esfuerzos de la Alianza para atender las causas estructurales de la migraci\u00f3n\u00bb, se\u00f1ala un comunicado conjunto firmado por los mandatarios Laurentino Cortizo de Panam\u00e1, Luis Abinader de Rep\u00fablica Dominicana y Carlos Alvarado de Costa Rica.<\/p>\n<p>En representaci\u00f3n de Estados Unidos estuvieron el secretario de Estado Adjunto para Crecimiento Econ\u00f3mico, Energ\u00eda y Medio Ambiente, Jos\u00e9 Fern\u00e1ndez, y el jefe de la diplomacia estadounidense para Am\u00e9rica Latina,\u00a0<a href=\"https:\/\/twitter.com\/WHAAsstSecty?ref_src=twsrc%5Egoogle%7Ctwcamp%5Eserp%7Ctwgr%5Eauthor\">Brian Nichols<\/a>.<\/p>\n<p>Una de las acciones del convenio entre la ADD y Estados Unidos ser\u00e1 crear un \u00abfondo especial\u00bb para atender las causas de la migraci\u00f3n.<\/p>\n<p>\u00abYa nuestros pa\u00edses invierten millones de d\u00f3lares en atenci\u00f3n migratoria cuando somos pa\u00edses t\u00edpicamente receptores de migrantes\u2026 As\u00ed que ofrecemos trabajar con fondos de contrapartida, con la colaboraci\u00f3n adicional de pa\u00edses como Estados Unidos\u00bb, dijo Alvarado.<\/p>\n<p>\u00abCreamos este fondo especial, porque si hablamos de desarrollo y disminuir esos flujos de personas que dejan sus pa\u00edses, se requiere de proyectos de infraestructura, que generen empleos y\u00a0oportunidades a esas personas para que no tengan que tomar la decisi\u00f3n de abandonar su pa\u00eds\u00bb, coment\u00f3 a su vez Cortizo.<\/p>\n<p>Como parte de su plan para enfrentar las causas que motivan la migraci\u00f3n irregular hacia Norteam\u00e9rica, el secretario de Seguridad Nacional estadounidense, Alejandro Mayorkas, firm\u00f3 la semana pasada un acuerdo en Costa Rica para fortalecer la lucha contra la trata de personas.<\/p>\n<p>Seg\u00fan la ONU, casi un mill\u00f3n de mexicanos y centroamericanos huyeron de sus pa\u00edses en el 2021 a causa de violencia, falta de oportunidades, cambio clim\u00e1tico y estragos por la pandemia del covid-19.<\/p>\n<p><strong>El Nacional<\/strong><\/p>\n","protected":false},"excerpt":{"rendered":"<p>Costa Rica, Panam\u00e1 y Rep\u00fablica Dominicana, pa\u00edses de tr\u00e1nsito de miles de migrantes que buscan llegar irregularmente a Estados Unidos, establecieron una alianza estrat\u00e9gica con Washington para \u00abatender las causas estructurales de la migraci\u00f3n\u00bb, informaron el lunes sus gobiernos. El acuerdo se alcanz\u00f3 en San Jos\u00e9 durante la IV Cumbre de la Alianza para el [&hellip;]<\/p>\n","protected":false},"author":2,"featured_media":207919,"comment_status":"closed","ping_status":"closed","sticky":false,"template":"","format":"standard","meta":{"footnotes":""},"categories":[8],"tags":[],"class_list":{"0":"post-207918","1":"post","2":"type-post","3":"status-publish","4":"format-standard","5":"has-post-thumbnail","7":"category-internacionales"},"_links":{"self":[{"href":"https:\/\/elluchador.info\/index.php?rest_route=\/wp\/v2\/posts\/207918","targetHints":{"allow":["GET"]}}],"collection":[{"href":"https:\/\/elluchador.info\/index.php?rest_route=\/wp\/v2\/posts"}],"about":[{"href":"https:\/\/elluchador.info\/index.php?rest_route=\/wp\/v2\/types\/post"}],"author":[{"embeddable":true,"href":"https:\/\/elluchador.info\/index.php?rest_route=\/wp\/v2\/users\/2"}],"replies":[{"embeddable":true,"href":"https:\/\/elluchador.info\/index.php?rest_route=%2Fwp%2Fv2%2Fcomments&post=207918"}],"version-history":[{"count":1,"href":"https:\/\/elluchador.info\/index.php?rest_route=\/wp\/v2\/posts\/207918\/revisions"}],"predecessor-version":[{"id":207920,"href":"https:\/\/elluchador.info\/index.php?rest_route=\/wp\/v2\/posts\/207918\/revisions\/207920"}],"wp:featuredmedia":[{"embeddable":true,"href":"https:\/\/elluchador.info\/index.php?rest_route=\/wp\/v2\/media\/207919"}],"wp:attachment":[{"href":"https:\/\/elluchador.info\/index.php?rest_route=%2Fwp%2Fv2%2Fmedia&parent=207918"}],"wp:term":[{"taxonomy":"category","embeddable":true,"href":"https:\/\/elluchador.info\/index.php?rest_route=%2Fwp%2Fv2%2Fcategories&post=207918"},{"taxonomy":"post_tag","embeddable":true,"href":"https:\/\/elluchador.info\/index.php?rest_route=%2Fwp%2Fv2%2Ftags&post=207918"}],"curies":[{"name":"wp","href":"https:\/\/api.w.org\/{rel}","templated":true}]}}