{"id":207927,"date":"2022-03-23T10:38:40","date_gmt":"2022-03-23T14:38:40","guid":{"rendered":"https:\/\/elluchador.info\/web\/?p=207927"},"modified":"2022-03-23T10:42:19","modified_gmt":"2022-03-23T14:42:19","slug":"el-hotel-laja-real-arribo-a-su-36-aniversario","status":"publish","type":"post","link":"https:\/\/elluchador.info\/?p=207927","title":{"rendered":"El hotel Laja Real arrib\u00f3 a su 36\u00b0 aniversario"},"content":{"rendered":"<p>***En una \u00edntima celebraci\u00f3n exclusiva con el personal de tan prestigioso lugar recordaron el transitar de m\u00e1s de tres d\u00e9cadas en un ameno encuentro, entre risas y memorias<\/p>\n<p>Junto al Padre Antonio Valladares, quien bendijo la existencia de tan valioso lugar, referencia para la familia bolivarense, en una \u00edntima y amena reuni\u00f3n, el personal del hotel Laja Real hicieron un alto en la jornada diaria para festejar los 36 a\u00f1os de tan reconocido lugar.<\/p>\n<p><img loading=\"lazy\" decoding=\"async\" class=\"alignnone wp-image-207933 size-full\" src=\"https:\/\/elluchador.info\/web\/wp-content\/uploads\/2022\/03\/4889e64b-dc19-428f-a95f-340ce66d8876.jpg\" alt=\"\" width=\"722\" height=\"810\" srcset=\"https:\/\/elluchador.info\/wp-content\/uploads\/2022\/03\/4889e64b-dc19-428f-a95f-340ce66d8876.jpg 722w, https:\/\/elluchador.info\/wp-content\/uploads\/2022\/03\/4889e64b-dc19-428f-a95f-340ce66d8876-267x300.jpg 267w, https:\/\/elluchador.info\/wp-content\/uploads\/2022\/03\/4889e64b-dc19-428f-a95f-340ce66d8876-374x420.jpg 374w, https:\/\/elluchador.info\/wp-content\/uploads\/2022\/03\/4889e64b-dc19-428f-a95f-340ce66d8876-640x718.jpg 640w, https:\/\/elluchador.info\/wp-content\/uploads\/2022\/03\/4889e64b-dc19-428f-a95f-340ce66d8876-681x764.jpg 681w\" sizes=\"auto, (max-width: 722px) 100vw, 722px\" \/><\/p>\n<p>Carlos Alaimo, junto a la gran familia Laja Real celebr\u00f3 la compa\u00f1\u00eda de trabajadores quienes tiene cerca de 36 a\u00f1os trabajando all\u00ed, toda su vida all\u00ed, mientras que otros apenas est\u00e1n llegando, tambi\u00e9n celebraron.<\/p>\n<p>&nbsp;<\/p>\n","protected":false},"excerpt":{"rendered":"<p>***En una \u00edntima celebraci\u00f3n exclusiva con el personal de tan prestigioso lugar recordaron el transitar de m\u00e1s de tres d\u00e9cadas en un ameno encuentro, entre risas y memorias Junto al Padre Antonio Valladares, quien bendijo la existencia de tan valioso lugar, referencia para la familia bolivarense, en una \u00edntima y amena reuni\u00f3n, el personal del [&hellip;]<\/p>\n","protected":false},"author":2,"featured_media":207930,"comment_status":"closed","ping_status":"closed","sticky":false,"template":"","format":"standard","meta":{"footnotes":""},"categories":[5,12],"tags":[],"class_list":{"0":"post-207927","1":"post","2":"type-post","3":"status-publish","4":"format-standard","5":"has-post-thumbnail","7":"category-destacado","8":"category-regionales"},"_links":{"self":[{"href":"https:\/\/elluchador.info\/index.php?rest_route=\/wp\/v2\/posts\/207927","targetHints":{"allow":["GET"]}}],"collection":[{"href":"https:\/\/elluchador.info\/index.php?rest_route=\/wp\/v2\/posts"}],"about":[{"href":"https:\/\/elluchador.info\/index.php?rest_route=\/wp\/v2\/types\/post"}],"author":[{"embeddable":true,"href":"https:\/\/elluchador.info\/index.php?rest_route=\/wp\/v2\/users\/2"}],"replies":[{"embeddable":true,"href":"https:\/\/elluchador.info\/index.php?rest_route=%2Fwp%2Fv2%2Fcomments&post=207927"}],"version-history":[{"count":3,"href":"https:\/\/elluchador.info\/index.php?rest_route=\/wp\/v2\/posts\/207927\/revisions"}],"predecessor-version":[{"id":207934,"href":"https:\/\/elluchador.info\/index.php?rest_route=\/wp\/v2\/posts\/207927\/revisions\/207934"}],"wp:featuredmedia":[{"embeddable":true,"href":"https:\/\/elluchador.info\/index.php?rest_route=\/wp\/v2\/media\/207930"}],"wp:attachment":[{"href":"https:\/\/elluchador.info\/index.php?rest_route=%2Fwp%2Fv2%2Fmedia&parent=207927"}],"wp:term":[{"taxonomy":"category","embeddable":true,"href":"https:\/\/elluchador.info\/index.php?rest_route=%2Fwp%2Fv2%2Fcategories&post=207927"},{"taxonomy":"post_tag","embeddable":true,"href":"https:\/\/elluchador.info\/index.php?rest_route=%2Fwp%2Fv2%2Ftags&post=207927"}],"curies":[{"name":"wp","href":"https:\/\/api.w.org\/{rel}","templated":true}]}}