{"id":207935,"date":"2022-03-23T11:15:08","date_gmt":"2022-03-23T15:15:08","guid":{"rendered":"https:\/\/elluchador.info\/web\/?p=207935"},"modified":"2022-03-23T11:15:08","modified_gmt":"2022-03-23T15:15:08","slug":"calles-de-agua-salada-tambien-esperan-su-renacer","status":"publish","type":"post","link":"https:\/\/elluchador.info\/?p=207935","title":{"rendered":"Calles de Agua Salada tambi\u00e9n esperan su renacer"},"content":{"rendered":"<p>*** 4 a\u00f1os de abandono mantiene intransitables calles principales de la zona<\/p>\n<p>Vecinos de la parte baja de Agua Salada denunciaron durante el reci\u00e9n finalizado fin de semana, el estado de deterioro en el que se encuentran las principales v\u00edas de acceso hacia el sector, el cual no recibe una jornada de asfaltado desde hace 4 a\u00f1os, aproximadamente.<\/p>\n<p>Ram\u00f3n Guzm\u00e1n, habitante del callej\u00f3n Los Pinos indic\u00f3 que una de las v\u00edas que se encuentra en peor estado es la principal, lo que ha afectado la circulaci\u00f3n de transporte p\u00fablico por el lugar.<\/p>\n<p>\u201cPor aqu\u00ed m\u00e1s nunca hemos visto pasar un transporte p\u00fablico, lo que es hasta entendible porque ning\u00fan chofer se va a arriesgar a da\u00f1ar su veh\u00edculo conduci\u00e9ndolo por estos cr\u00e1teres que se han formado en esta carretera\u201d, expres\u00f3 Guzm\u00e1n.<\/p>\n<p>La situaci\u00f3n se repite en el callej\u00f3n Los Pinos, diagonal a la f\u00e1brica de velas, en donde los botes de agua negras permanente han deteriorado la vialidad hasta hacerla intransitable.<\/p>\n<p>\u201cEste rio de aguas negras que acab\u00f3 con la calle Los Pinos viene desde una distancia de m\u00e1s de 200 metros. Empezando desde las cercan\u00edas del ret\u00e9n. Adem\u00e1s, los olores putrefactos afectan a quienes aqu\u00ed vivimos, eso sin contar que cuando llueve esto parece un rio desbordado porque el canal de desag\u00fce no funciona\u201d, agreg\u00f3 el vecino.<\/p>\n<figure id=\"attachment_207938\" aria-describedby=\"caption-attachment-207938\" style=\"width: 1080px\" class=\"wp-caption alignnone\"><img loading=\"lazy\" decoding=\"async\" class=\"size-full wp-image-207938\" src=\"https:\/\/elluchador.info\/web\/wp-content\/uploads\/2022\/03\/d9ff7494-d33d-4f8e-baae-6e77fce0ea7a.jpg\" alt=\"\" width=\"1080\" height=\"607\" srcset=\"https:\/\/elluchador.info\/wp-content\/uploads\/2022\/03\/d9ff7494-d33d-4f8e-baae-6e77fce0ea7a.jpg 1080w, https:\/\/elluchador.info\/wp-content\/uploads\/2022\/03\/d9ff7494-d33d-4f8e-baae-6e77fce0ea7a-300x169.jpg 300w, https:\/\/elluchador.info\/wp-content\/uploads\/2022\/03\/d9ff7494-d33d-4f8e-baae-6e77fce0ea7a-1024x576.jpg 1024w, https:\/\/elluchador.info\/wp-content\/uploads\/2022\/03\/d9ff7494-d33d-4f8e-baae-6e77fce0ea7a-768x432.jpg 768w, https:\/\/elluchador.info\/wp-content\/uploads\/2022\/03\/d9ff7494-d33d-4f8e-baae-6e77fce0ea7a-747x420.jpg 747w, https:\/\/elluchador.info\/wp-content\/uploads\/2022\/03\/d9ff7494-d33d-4f8e-baae-6e77fce0ea7a-640x360.jpg 640w, https:\/\/elluchador.info\/wp-content\/uploads\/2022\/03\/d9ff7494-d33d-4f8e-baae-6e77fce0ea7a-681x383.jpg 681w\" sizes=\"auto, (max-width: 1080px) 100vw, 1080px\" \/><figcaption id=\"caption-attachment-207938\" class=\"wp-caption-text\">Vecinos piden que sean solucionados los botes de aguas negras<\/figcaption><\/figure>\n<p>Limitando con la calle Los Pinos, se encuentra la calle principal de Las Flores, en donde solo hay que dar pocos pasos para percatarse de la gran cantidad de huecos que all\u00ed se encuentran.<\/p>\n<figure id=\"attachment_207937\" aria-describedby=\"caption-attachment-207937\" style=\"width: 1080px\" class=\"wp-caption alignnone\"><img loading=\"lazy\" decoding=\"async\" class=\"size-full wp-image-207937\" src=\"https:\/\/elluchador.info\/web\/wp-content\/uploads\/2022\/03\/Agua-salada-2.jpg\" alt=\"\" width=\"1080\" height=\"607\" srcset=\"https:\/\/elluchador.info\/wp-content\/uploads\/2022\/03\/Agua-salada-2.jpg 1080w, https:\/\/elluchador.info\/wp-content\/uploads\/2022\/03\/Agua-salada-2-300x169.jpg 300w, https:\/\/elluchador.info\/wp-content\/uploads\/2022\/03\/Agua-salada-2-1024x576.jpg 1024w, https:\/\/elluchador.info\/wp-content\/uploads\/2022\/03\/Agua-salada-2-768x432.jpg 768w, https:\/\/elluchador.info\/wp-content\/uploads\/2022\/03\/Agua-salada-2-747x420.jpg 747w, https:\/\/elluchador.info\/wp-content\/uploads\/2022\/03\/Agua-salada-2-640x360.jpg 640w, https:\/\/elluchador.info\/wp-content\/uploads\/2022\/03\/Agua-salada-2-681x383.jpg 681w\" sizes=\"auto, (max-width: 1080px) 100vw, 1080px\" \/><figcaption id=\"caption-attachment-207937\" class=\"wp-caption-text\">Calle Las Flores de la Parroquia Agua Salada<\/figcaption><\/figure>\n<p>La proliferaci\u00f3n de mosquitos, presencia de roedores y plagas tambi\u00e9n est\u00e1n a la orden del d\u00eda en dicho lugar, como consecuencia del bote de aguas negras que all\u00ed se observa.<br \/>\nQuienes hacen vida en la calle principal de Las Flores aprovecharon la visita del equipo reporteril de El Luchador para manifestar su queja ante el avanzado deterioro de la vialidad e hicieron un llamado a las autoridades competentes a fin de dar soluciones a dicha problem\u00e1tica lo antes posible.<\/p>\n<p>\u201cAqu\u00ed estamos clamando por el renacer de las calles de Agua Salada porque esto se nos ha convertido en un grave problema de salubridad. Muchos padres de familia mantenemos nuestros hogares gracias a que en nuestras casas hemos montados bodeguitas, pero con estos malos olores y con esta calle sola qui\u00e9n nos compra si nadie quiere pasar por aqu\u00ed.<\/p>\n<p>Hacemos un llamado al Gobernador Marcano, al Alcalde Sergio Hern\u00e1ndez o a quien le competa para que asfalten estas v\u00edas porque no son dos d\u00edas, son a\u00f1os que tenemos soportando esta situaci\u00f3n; adem\u00e1s que solucionen el problema de fondo que es el colapso del sistema de drenaje\u201d, expres\u00f3 Eduardo Garc\u00eda, vecino afectado.<\/p>\n<p>Otros problemas que aquejan a los habitantes de Agua Salada en su parte baja son la seguridad, fallas constantes de internet, falta de aseo urbano, falta de suministro de agua potable y la inestabilidad del fluido el\u00e9ctrico.<\/p>\n<p>\u201cAqu\u00ed el hampa nos carga azotados; el internet tampoco sirve, la se\u00f1al de Cantv es p\u00e9sima y eso afecta a nuestros muchachos al momento de hacer sus tareas porque no cuentan con esta herramienta indispensable para hacer sus investigaciones; el aseo m\u00e1s nunca pas\u00f3 por aqu\u00ed, lo que ha obligado a los vecinos a tener que quemar la basura y te podr\u00e1s imaginar las consecuencias que eso ha tra\u00eddo para ni\u00f1os, adultos mayores y personas con enfermedades respiratorias; el agua por tuber\u00edas desde que se fue Rangel tambi\u00e9n se fue el agua, y para poner la guinda a la torta los bajones de corriente no se hacen esperar, eso es a cada rato sube o baja la electricidad. Estamos cansados, queremos soluciones reales. Esperamos que el nuevo gobernador cumpla y haga renacer a este pueblo de Bol\u00edvar que le dio su voto de confianza\u201d, concluy\u00f3 Garc\u00eda.<\/p>\n<p><strong>Gledis Bonilla<\/strong><\/p>\n","protected":false},"excerpt":{"rendered":"<p>*** 4 a\u00f1os de abandono mantiene intransitables calles principales de la zona Vecinos de la parte baja de Agua Salada denunciaron durante el reci\u00e9n finalizado fin de semana, el estado de deterioro en el que se encuentran las principales v\u00edas de acceso hacia el sector, el cual no recibe una jornada de asfaltado desde hace [&hellip;]<\/p>\n","protected":false},"author":2,"featured_media":207936,"comment_status":"closed","ping_status":"closed","sticky":false,"template":"","format":"standard","meta":{"footnotes":""},"categories":[5,12],"tags":[],"class_list":{"0":"post-207935","1":"post","2":"type-post","3":"status-publish","4":"format-standard","5":"has-post-thumbnail","7":"category-destacado","8":"category-regionales"},"_links":{"self":[{"href":"https:\/\/elluchador.info\/index.php?rest_route=\/wp\/v2\/posts\/207935","targetHints":{"allow":["GET"]}}],"collection":[{"href":"https:\/\/elluchador.info\/index.php?rest_route=\/wp\/v2\/posts"}],"about":[{"href":"https:\/\/elluchador.info\/index.php?rest_route=\/wp\/v2\/types\/post"}],"author":[{"embeddable":true,"href":"https:\/\/elluchador.info\/index.php?rest_route=\/wp\/v2\/users\/2"}],"replies":[{"embeddable":true,"href":"https:\/\/elluchador.info\/index.php?rest_route=%2Fwp%2Fv2%2Fcomments&post=207935"}],"version-history":[{"count":1,"href":"https:\/\/elluchador.info\/index.php?rest_route=\/wp\/v2\/posts\/207935\/revisions"}],"predecessor-version":[{"id":207939,"href":"https:\/\/elluchador.info\/index.php?rest_route=\/wp\/v2\/posts\/207935\/revisions\/207939"}],"wp:featuredmedia":[{"embeddable":true,"href":"https:\/\/elluchador.info\/index.php?rest_route=\/wp\/v2\/media\/207936"}],"wp:attachment":[{"href":"https:\/\/elluchador.info\/index.php?rest_route=%2Fwp%2Fv2%2Fmedia&parent=207935"}],"wp:term":[{"taxonomy":"category","embeddable":true,"href":"https:\/\/elluchador.info\/index.php?rest_route=%2Fwp%2Fv2%2Fcategories&post=207935"},{"taxonomy":"post_tag","embeddable":true,"href":"https:\/\/elluchador.info\/index.php?rest_route=%2Fwp%2Fv2%2Ftags&post=207935"}],"curies":[{"name":"wp","href":"https:\/\/api.w.org\/{rel}","templated":true}]}}