{"id":207962,"date":"2022-03-23T13:56:29","date_gmt":"2022-03-23T17:56:29","guid":{"rendered":"https:\/\/elluchador.info\/web\/?p=207962"},"modified":"2022-03-23T13:56:29","modified_gmt":"2022-03-23T17:56:29","slug":"marlon-rengel-migrar-me-ha-llevado-a-lograr-mas-de-lo-que-habia-sonado","status":"publish","type":"post","link":"https:\/\/elluchador.info\/?p=207962","title":{"rendered":"Marlon Rengel: Migrar me ha llevado a lograr m\u00e1s de lo que hab\u00eda so\u00f1ado"},"content":{"rendered":"<p>*** Encontr\u00f3 en la televisi\u00f3n dominicana una gran oportunidad<\/p>\n<p>Marlon Rengel, es periodista, naci\u00f3 en Ciudad Bol\u00edvar, y desde siempre se ha caracterizado por ser un visionario. Su vida al igual que miles de venezolanos dio un vuelco vertiginoso al tomar la decisi\u00f3n de salir a probar suerte en otras latitudes, siendo Rep\u00fablica Dominicana el pa\u00eds que le abri\u00f3 las puertas y en donde encontr\u00f3 grandes oportunidades pese a un duro comienzo.<\/p>\n<p>Hoy Marlon comparte su historia y nos revela que el secreto de su \u00e9xito ha sido, sin lugar a dudas, la preparaci\u00f3n y la fe en Dios.<\/p>\n<p>\u201cCon todo el dolor de mi alma, tom\u00e9 la decisi\u00f3n de irme. Sent\u00eda que si me quedaba en Venezuela me estancar\u00eda y la situaci\u00f3n con mi familia a nivel econ\u00f3mico no era la mejor. Yo ten\u00eda que hacer algo\u201d, expres\u00f3 el joven comunicador.<\/p>\n<p><strong>&#8211; \u00bfPor qu\u00e9 Rep\u00fablica Dominicana?<\/strong><\/p>\n<p>-En un principio pens\u00e9 en irme a Ecuador es un pa\u00eds que ya conozco y me gusta su clima frio, pero por diversas razones todo se dio para que fuera Dominicana el pa\u00eds que me albergara.<\/p>\n<p><strong>&#8211; Cu\u00e9ntame de esos primeros d\u00edas en ese pa\u00eds para ese entonces desconocido para ti.<\/strong><\/p>\n<p>-Me inici\u00e9 haciendo dos comerciales. Tambi\u00e9n hice de extra en una pel\u00edcula y me pagaron 10 d\u00f3lares, pero mi primer trabajo formal fue en un restaurante, lo que signific\u00f3 un choque muy fuerte porque no fue lo que yo estudi\u00e9. Fui asistente del camarero. Trabaj\u00e9 3 meses todos los d\u00edas de 9:00 am a 3:00 am llegaba muy cansado a casa, casi sin tiempo libre. Luego conoc\u00ed a una venezolana que me arrend\u00f3 una habitaci\u00f3n de servicio, era muy peque\u00f1a. Termin\u00e9 trabajando con ella un a\u00f1o y medio en otro lugar, pero solo me pagaban lo que me daban de propina.<\/p>\n<p><strong>&#8211; \u00bfC\u00f3mo lleg\u00f3 la oportunidad de trabajar en televisi\u00f3n?<\/strong><\/p>\n<p>&#8211; Trabajaba en un Full Drop y cerca de all\u00ed quedaba un canal de televisi\u00f3n muy peque\u00f1o. Siempre tuve la curiosidad de ir a tocar puerta all\u00ed, pero, no me atrev\u00eda por el tema de los papeles que a\u00fan no los ten\u00eda en regla. Un d\u00eda fui y pas\u00e9 preguntando si hab\u00eda oportunidad para ser asistente de producci\u00f3n y me pas\u00f3 algo muy c\u00f3mico, estaba el productor general del canal. Lo conoc\u00ed, por cierto, es el esposo de la actriz c\u00f3mica venezolana Beba Rojas y cuando \u00e9l me vio me pregunt\u00f3 si yo iba a ser el productor que ellos estaban buscando. Le dije que no, que ser\u00eda su asistente. En eso me respondi\u00f3: -Quiero que asumas desde ya porque yo me voy del canal. Me contrataron para un programa que se llamaba Buenos d\u00edas Santo Domingo y s\u00f3lo trabaj\u00e9 por una semana porque el director hab\u00eda renunciado. Me despidieron.<\/p>\n<p><strong>&#8211; \u00bfC\u00f3mo te sentiste en ese momento?<\/strong><\/p>\n<p>-Me llen\u00e9 de frustraci\u00f3n, pero, no me detuve. Encontr\u00e9 por las redes sociales un curso que estaban dando de locuci\u00f3n y manejo en c\u00e1mara. All\u00ed conoc\u00ed a una amiga, hicimos el curso juntos. Cuando terminamos la llam\u00e9 porque ella me hab\u00eda dicho que estaba en un canal de televisi\u00f3n. Le pregunt\u00e9 si necesitaba un asistente, me invit\u00f3 al canal. Yo no sab\u00eda el peso de ese canal en Dominicana y resulta que se trataba de uno de los m\u00e1s importantes, en donde est\u00e1 como ejecutivo Leonardo Villalobos. Trabaj\u00e9 all\u00ed seis meses, gracias a ella. Fui asistente en otros programas, conoc\u00ed mucha gente y he aprendido mucho. Soy el productor de Marisol Rodr\u00edguez.<\/p>\n<p>Hace algunos meses estuve en The Voice, entr\u00e9 all\u00ed gracias a Hugo Devana. Tambi\u00e9n trabaj\u00e9 en un reality con una de las actrices m\u00e1s reconocidas ac\u00e1. He sido animador.<\/p>\n<p><strong>&#8211; \u00bfC\u00f3mo ves tu vida en este momento?<\/strong><\/p>\n<p>&#8211; Migrar me ha llevado a lograr m\u00e1s de lo que hab\u00eda so\u00f1ado.<\/p>\n<p><strong>&#8211; \u00bfQu\u00e9 se siente vivir en un pa\u00eds que no es el tuyo?<\/strong><\/p>\n<p>-Soport\u00e9 humillaciones y soport\u00e9 muchas cosas que lejos de hacerme da\u00f1o me fortalecieron y hoy en d\u00eda las agradezco. Tambi\u00e9n fui taxista<\/p>\n<p><strong>&#8211; \u00bfCu\u00e1l ha sido la mayor ense\u00f1anza que te ha dejado toda esta experiencia?<\/strong><\/p>\n<p>-Valorar much\u00edsimo m\u00e1s a la familia, las cosas a los amigos.<\/p>\n<p><strong>&#8211; \u00bfC\u00f3mo describir\u00edas tu antes y tu despu\u00e9s de migrar?<\/strong><\/p>\n<p>-El Marlon de Venezuela era un ni\u00f1o muy mimado por su familia y el que est\u00e1 aqu\u00ed en Dominicana es una persona a la que le ha tocado trabajar mucho, ser fuerte, con una creatividad m\u00e1s amplia.<\/p>\n<p><strong>-Si te pudieras regresar el tiempo, \u00bfte gustar\u00eda volver a vivir todo esto que me has contado?<\/strong><\/p>\n<p>-Sin duda alguna.<\/p>\n<p><strong>-Un mensaje Marlon que desees dejar a quienes nos leen.<\/strong><\/p>\n<p>-Luchen por sus sue\u00f1os que si se pueden hacer realidad. Valoren todo lo que realicen, valoren el esfuerzo de cada persona y no juzguen por lo que hacen o por lo que trabaje; prep\u00e1rense mucho, estudien mucho, porque estando fuera de su pa\u00eds, sea cual sea, cualquier cosa que hagas te va a funcionar, as\u00ed sea algo sencillo.<\/p>\n<p><strong>Gledis Bonilla<\/strong><\/p>\n","protected":false},"excerpt":{"rendered":"<p>*** Encontr\u00f3 en la televisi\u00f3n dominicana una gran oportunidad Marlon Rengel, es periodista, naci\u00f3 en Ciudad Bol\u00edvar, y desde siempre se ha caracterizado por ser un visionario. Su vida al igual que miles de venezolanos dio un vuelco vertiginoso al tomar la decisi\u00f3n de salir a probar suerte en otras latitudes, siendo Rep\u00fablica Dominicana el [&hellip;]<\/p>\n","protected":false},"author":2,"featured_media":207963,"comment_status":"closed","ping_status":"closed","sticky":false,"template":"","format":"standard","meta":{"footnotes":""},"categories":[5,12],"tags":[],"class_list":{"0":"post-207962","1":"post","2":"type-post","3":"status-publish","4":"format-standard","5":"has-post-thumbnail","7":"category-destacado","8":"category-regionales"},"_links":{"self":[{"href":"https:\/\/elluchador.info\/index.php?rest_route=\/wp\/v2\/posts\/207962","targetHints":{"allow":["GET"]}}],"collection":[{"href":"https:\/\/elluchador.info\/index.php?rest_route=\/wp\/v2\/posts"}],"about":[{"href":"https:\/\/elluchador.info\/index.php?rest_route=\/wp\/v2\/types\/post"}],"author":[{"embeddable":true,"href":"https:\/\/elluchador.info\/index.php?rest_route=\/wp\/v2\/users\/2"}],"replies":[{"embeddable":true,"href":"https:\/\/elluchador.info\/index.php?rest_route=%2Fwp%2Fv2%2Fcomments&post=207962"}],"version-history":[{"count":1,"href":"https:\/\/elluchador.info\/index.php?rest_route=\/wp\/v2\/posts\/207962\/revisions"}],"predecessor-version":[{"id":207964,"href":"https:\/\/elluchador.info\/index.php?rest_route=\/wp\/v2\/posts\/207962\/revisions\/207964"}],"wp:featuredmedia":[{"embeddable":true,"href":"https:\/\/elluchador.info\/index.php?rest_route=\/wp\/v2\/media\/207963"}],"wp:attachment":[{"href":"https:\/\/elluchador.info\/index.php?rest_route=%2Fwp%2Fv2%2Fmedia&parent=207962"}],"wp:term":[{"taxonomy":"category","embeddable":true,"href":"https:\/\/elluchador.info\/index.php?rest_route=%2Fwp%2Fv2%2Fcategories&post=207962"},{"taxonomy":"post_tag","embeddable":true,"href":"https:\/\/elluchador.info\/index.php?rest_route=%2Fwp%2Fv2%2Ftags&post=207962"}],"curies":[{"name":"wp","href":"https:\/\/api.w.org\/{rel}","templated":true}]}}