{"id":208069,"date":"2022-03-27T19:13:10","date_gmt":"2022-03-27T23:13:10","guid":{"rendered":"https:\/\/elluchador.info\/web\/?p=208069"},"modified":"2022-03-27T19:13:10","modified_gmt":"2022-03-27T23:13:10","slug":"espana-solo-contabilizara-dese-este-lunes-los-casos-graves-de-covid-19","status":"publish","type":"post","link":"https:\/\/elluchador.info\/?p=208069","title":{"rendered":"Espa\u00f1a solo contabilizar\u00e1 dese este lunes los casos graves de Covid-19"},"content":{"rendered":"<p>Desde el lunes solo se van a contar\u00a0<strong>casos graves<\/strong>\u00a0y aquellos que se den en\u00a0<strong>colectivos y \u00e1mbitos vulnerables,<\/strong>\u00a0como centros sanitarios, asistenciales o prisiones.<\/p>\n<p>A partir de este lunes, Espa\u00f1a dejar\u00e1 de contar todos los positivos de coronavirus para\u00a0centrarse solo en los casos graves\u00a0y en los entornos vulnerables, una nueva etapa en la que\u00a0se acab\u00f3 el aislamiento de las personas con s\u00edntomas leves o sin ellos, las pruebas generalizadas y los rastreos.<\/p>\n<p>La nueva estrategia supone un paso m\u00e1s hacia la normalizaci\u00f3n de la covid que implica\u00a0<strong>\u00abaceptar un cierto nivel de transmisi\u00f3n\u00bb<\/strong>\u00a0entre la poblaci\u00f3n vacunada, joven y sana para pasar a\u00a0<strong>centrarse solo en personas m\u00e1s fr\u00e1giles.<\/strong><\/p>\n<p>Solo a estos grupos se les har\u00e1n pruebas a colectivos como<strong>\u00a0mayores de 60, inmunodeprimidos, embarazadas, con infecci\u00f3n respiratoria aguda\u00a0<\/strong>que requiera hospitalizaci\u00f3n o los que hayan estado en los \u00faltimos catorce d\u00edas en una regi\u00f3n en la que circule una variante de la covid-19 que genere preocupaci\u00f3n.<\/p>\n<p>EFE<\/p>\n","protected":false},"excerpt":{"rendered":"<p>Desde el lunes solo se van a contar\u00a0casos graves\u00a0y aquellos que se den en\u00a0colectivos y \u00e1mbitos vulnerables,\u00a0como centros sanitarios, asistenciales o prisiones. A partir de este lunes, Espa\u00f1a dejar\u00e1 de contar todos los positivos de coronavirus para\u00a0centrarse solo en los casos graves\u00a0y en los entornos vulnerables, una nueva etapa en la que\u00a0se acab\u00f3 el aislamiento [&hellip;]<\/p>\n","protected":false},"author":2,"featured_media":208070,"comment_status":"closed","ping_status":"closed","sticky":false,"template":"","format":"standard","meta":{"footnotes":""},"categories":[5,8],"tags":[281,131],"class_list":{"0":"post-208069","1":"post","2":"type-post","3":"status-publish","4":"format-standard","5":"has-post-thumbnail","7":"category-destacado","8":"category-internacionales","9":"tag-covid-19","10":"tag-salud"},"_links":{"self":[{"href":"https:\/\/elluchador.info\/index.php?rest_route=\/wp\/v2\/posts\/208069","targetHints":{"allow":["GET"]}}],"collection":[{"href":"https:\/\/elluchador.info\/index.php?rest_route=\/wp\/v2\/posts"}],"about":[{"href":"https:\/\/elluchador.info\/index.php?rest_route=\/wp\/v2\/types\/post"}],"author":[{"embeddable":true,"href":"https:\/\/elluchador.info\/index.php?rest_route=\/wp\/v2\/users\/2"}],"replies":[{"embeddable":true,"href":"https:\/\/elluchador.info\/index.php?rest_route=%2Fwp%2Fv2%2Fcomments&post=208069"}],"version-history":[{"count":1,"href":"https:\/\/elluchador.info\/index.php?rest_route=\/wp\/v2\/posts\/208069\/revisions"}],"predecessor-version":[{"id":208071,"href":"https:\/\/elluchador.info\/index.php?rest_route=\/wp\/v2\/posts\/208069\/revisions\/208071"}],"wp:featuredmedia":[{"embeddable":true,"href":"https:\/\/elluchador.info\/index.php?rest_route=\/wp\/v2\/media\/208070"}],"wp:attachment":[{"href":"https:\/\/elluchador.info\/index.php?rest_route=%2Fwp%2Fv2%2Fmedia&parent=208069"}],"wp:term":[{"taxonomy":"category","embeddable":true,"href":"https:\/\/elluchador.info\/index.php?rest_route=%2Fwp%2Fv2%2Fcategories&post=208069"},{"taxonomy":"post_tag","embeddable":true,"href":"https:\/\/elluchador.info\/index.php?rest_route=%2Fwp%2Fv2%2Ftags&post=208069"}],"curies":[{"name":"wp","href":"https:\/\/api.w.org\/{rel}","templated":true}]}}