{"id":208420,"date":"2022-04-06T10:49:32","date_gmt":"2022-04-06T14:49:32","guid":{"rendered":"https:\/\/elluchador.info\/web\/?p=208420"},"modified":"2022-04-06T10:49:32","modified_gmt":"2022-04-06T14:49:32","slug":"gobierno-venezolano-retoma-dialogo-con-sectores-sociales-y-partidos-de-oposicion","status":"publish","type":"post","link":"https:\/\/elluchador.info\/?p=208420","title":{"rendered":"Gobierno venezolano retoma di\u00e1logo con sectores sociales y partidos de oposici\u00f3n"},"content":{"rendered":"<p>El presidente venezolano, Nicol\u00e1s Maduro, anunci\u00f3 la noche de este martes que se han retomado reuniones de di\u00e1logo pol\u00edtico con sectores sociales venezolanos y partidos pol\u00edticos de la oposici\u00f3n en el Palacio de Miraflores, sede del Gobierno.<\/p>\n<p>Maduro se reuni\u00f3 hoy con el denominado Foro C\u00edvico, instancia que congrega a distintas organizaciones y movimientos civiles venezolanos.<\/p>\n<p>Entre los integrantes del referido foro, se encuentra el presidente de la Academia Nacional de Medicina, Enrique L\u00f3pez Loyo; el expresidente de la c\u00e1mara de empresarios privados Fedec\u00e1maras, Ricardo Cusanno; as\u00ed como representantes de organizaciones nacionales de veedur\u00eda electoral.<\/p>\n<p>En el foro confluyen tambi\u00e9n organizaciones de derechos humanos, sectores de la academia, organizaciones religiosas, empresariales y sindicales.<\/p>\n<p>El Ministerio de Comunicaci\u00f3n de Venezuela inform\u00f3 que el encuentro es parte del proceso de di\u00e1logo nacional que se anunci\u00f3 en d\u00edas pasados y destaca, mediante una nota de prensa, que se desarrolla \u00abbajo las premisas de entendimiento y respeto a las diferencias\u00bb.<\/p>\n<p>Asimismo, la televisora estatal venezolana difundi\u00f3 im\u00e1genes de Maduro recibiendo, en la sede del Gobierno, a diputados opositores de la fracci\u00f3n Alianza Democr\u00e1tica. El Gobierno anunci\u00f3 que el encuentro forma parte \u00abde la ampliaci\u00f3n del proceso de di\u00e1logo nacional\u00bb.<\/p>\n<p>Por la oposici\u00f3n acudieron representantes de los partidos opositores Acci\u00f3n Democr\u00e1tica, Primero Venezuela, Cambiemos, Avanzada Progresista, Copei. Entre los dirigentes opositores se encuentra el expresidente del parlamento venezolano, Luis Parra.<\/p>\n<p>Sobre esta reuni\u00f3n, el Ministerio de Comunicaci\u00f3n venezolano destac\u00f3 que las conversaciones abiertas por el Gobierno nacional buscan \u00abreactivar con mucha fuerza el proceso de di\u00e1logo nacional con todos los factores pol\u00edticos, sociales, econ\u00f3micos, religiosos, culturales del pa\u00eds\u00bb.<\/p>\n<p>Maduro anunci\u00f3 el mes pasado que su Gobierno emprender\u00eda un di\u00e1logo \u00abm\u00e1s inclusivo, m\u00e1s amplio, que le tienda la mano a todos los venezolanos que quieren echar adelante nuestro pa\u00eds\u00bb.<\/p>\n<p><strong>Xinhua<\/strong><\/p>\n","protected":false},"excerpt":{"rendered":"<p>El presidente venezolano, Nicol\u00e1s Maduro, anunci\u00f3 la noche de este martes que se han retomado reuniones de di\u00e1logo pol\u00edtico con sectores sociales venezolanos y partidos pol\u00edticos de la oposici\u00f3n en el Palacio de Miraflores, sede del Gobierno. Maduro se reuni\u00f3 hoy con el denominado Foro C\u00edvico, instancia que congrega a distintas organizaciones y movimientos civiles [&hellip;]<\/p>\n","protected":false},"author":2,"featured_media":162520,"comment_status":"closed","ping_status":"closed","sticky":false,"template":"","format":"standard","meta":{"footnotes":""},"categories":[11],"tags":[],"class_list":{"0":"post-208420","1":"post","2":"type-post","3":"status-publish","4":"format-standard","5":"has-post-thumbnail","7":"category-politica"},"_links":{"self":[{"href":"https:\/\/elluchador.info\/index.php?rest_route=\/wp\/v2\/posts\/208420","targetHints":{"allow":["GET"]}}],"collection":[{"href":"https:\/\/elluchador.info\/index.php?rest_route=\/wp\/v2\/posts"}],"about":[{"href":"https:\/\/elluchador.info\/index.php?rest_route=\/wp\/v2\/types\/post"}],"author":[{"embeddable":true,"href":"https:\/\/elluchador.info\/index.php?rest_route=\/wp\/v2\/users\/2"}],"replies":[{"embeddable":true,"href":"https:\/\/elluchador.info\/index.php?rest_route=%2Fwp%2Fv2%2Fcomments&post=208420"}],"version-history":[{"count":1,"href":"https:\/\/elluchador.info\/index.php?rest_route=\/wp\/v2\/posts\/208420\/revisions"}],"predecessor-version":[{"id":208421,"href":"https:\/\/elluchador.info\/index.php?rest_route=\/wp\/v2\/posts\/208420\/revisions\/208421"}],"wp:featuredmedia":[{"embeddable":true,"href":"https:\/\/elluchador.info\/index.php?rest_route=\/wp\/v2\/media\/162520"}],"wp:attachment":[{"href":"https:\/\/elluchador.info\/index.php?rest_route=%2Fwp%2Fv2%2Fmedia&parent=208420"}],"wp:term":[{"taxonomy":"category","embeddable":true,"href":"https:\/\/elluchador.info\/index.php?rest_route=%2Fwp%2Fv2%2Fcategories&post=208420"},{"taxonomy":"post_tag","embeddable":true,"href":"https:\/\/elluchador.info\/index.php?rest_route=%2Fwp%2Fv2%2Ftags&post=208420"}],"curies":[{"name":"wp","href":"https:\/\/api.w.org\/{rel}","templated":true}]}}