{"id":208581,"date":"2022-04-09T12:49:45","date_gmt":"2022-04-09T16:49:45","guid":{"rendered":"https:\/\/elluchador.info\/web\/?p=208581"},"modified":"2022-04-09T12:49:45","modified_gmt":"2022-04-09T16:49:45","slug":"ricardo-montaner-desmiente-el-nacimiento-de-indigo","status":"publish","type":"post","link":"https:\/\/elluchador.info\/?p=208581","title":{"rendered":"Ricardo Montaner desmiente el nacimiento de \u00cdndigo"},"content":{"rendered":"<p>El cantante Ricardo Montaner y futuro abuelo dej\u00f3 claro que contin\u00faa la espera para el nacimiento de \u00cdndigo, su primer nieto, luego de que pr\u00e1cticamente se confirmara que naci\u00f3.<\/p>\n<p>El pasado mi\u00e9rcoles 6 de abril el magazine Despierta Am\u00e9rica inform\u00f3 que Evaluna y Camilo ya eran padres, y que \u00cdndigo es una ni\u00f1a. Aunque, la pareja hasta el momento no ha hablado al respecto sobre este rumor, Montaner si se pronunci\u00f3 a trav\u00e9s de las redes sociales con un corto mensaje que llam\u00f3 la atenci\u00f3n de sus seguidores.<\/p>\n<p>Con una imagen en la que estaba comi\u00e9ndose un s\u00e1ndwich, el int\u00e9rprete de Am\u00e9n poste\u00f3 en su cuenta de Instagram: \u00abMientras espero a \u00cdndigo\u00bb.<\/p>\n<p>Adem\u00e1s de su publicaci\u00f3n en Instagram, Ricardo comparti\u00f3 dos tuits en los que descartaba los rumores del nacimiento de \u00cdndigo. \u00abCalma todav\u00eda falta\u00bb, \u00abHoy en casa no se duerme\u2026 Impresionante la carrera por ver qui\u00e9n dice y llega primero\u00bb.<\/p>\n<p>Los usuarios comentaron sorprendidos, debido a que la llegada del nuevo integrante a la familia Montaner y Echeverry se hab\u00eda dado por hecho. Hasta el momento ning\u00fan otro miembro de la familia ha comentado algo al respecto.<\/p>\n<p>El Farandi<\/p>\n","protected":false},"excerpt":{"rendered":"<p>El cantante Ricardo Montaner y futuro abuelo dej\u00f3 claro que contin\u00faa la espera para el nacimiento de \u00cdndigo, su primer nieto, luego de que pr\u00e1cticamente se confirmara que naci\u00f3. El pasado mi\u00e9rcoles 6 de abril el magazine Despierta Am\u00e9rica inform\u00f3 que Evaluna y Camilo ya eran padres, y que \u00cdndigo es una ni\u00f1a. Aunque, la [&hellip;]<\/p>\n","protected":false},"author":2,"featured_media":208567,"comment_status":"closed","ping_status":"closed","sticky":false,"template":"","format":"standard","meta":{"footnotes":""},"categories":[7],"tags":[],"class_list":{"0":"post-208581","1":"post","2":"type-post","3":"status-publish","4":"format-standard","5":"has-post-thumbnail","7":"category-entretenimiento"},"_links":{"self":[{"href":"https:\/\/elluchador.info\/index.php?rest_route=\/wp\/v2\/posts\/208581","targetHints":{"allow":["GET"]}}],"collection":[{"href":"https:\/\/elluchador.info\/index.php?rest_route=\/wp\/v2\/posts"}],"about":[{"href":"https:\/\/elluchador.info\/index.php?rest_route=\/wp\/v2\/types\/post"}],"author":[{"embeddable":true,"href":"https:\/\/elluchador.info\/index.php?rest_route=\/wp\/v2\/users\/2"}],"replies":[{"embeddable":true,"href":"https:\/\/elluchador.info\/index.php?rest_route=%2Fwp%2Fv2%2Fcomments&post=208581"}],"version-history":[{"count":1,"href":"https:\/\/elluchador.info\/index.php?rest_route=\/wp\/v2\/posts\/208581\/revisions"}],"predecessor-version":[{"id":208582,"href":"https:\/\/elluchador.info\/index.php?rest_route=\/wp\/v2\/posts\/208581\/revisions\/208582"}],"wp:featuredmedia":[{"embeddable":true,"href":"https:\/\/elluchador.info\/index.php?rest_route=\/wp\/v2\/media\/208567"}],"wp:attachment":[{"href":"https:\/\/elluchador.info\/index.php?rest_route=%2Fwp%2Fv2%2Fmedia&parent=208581"}],"wp:term":[{"taxonomy":"category","embeddable":true,"href":"https:\/\/elluchador.info\/index.php?rest_route=%2Fwp%2Fv2%2Fcategories&post=208581"},{"taxonomy":"post_tag","embeddable":true,"href":"https:\/\/elluchador.info\/index.php?rest_route=%2Fwp%2Fv2%2Ftags&post=208581"}],"curies":[{"name":"wp","href":"https:\/\/api.w.org\/{rel}","templated":true}]}}