{"id":208591,"date":"2022-04-09T12:55:25","date_gmt":"2022-04-09T16:55:25","guid":{"rendered":"https:\/\/elluchador.info\/web\/?p=208591"},"modified":"2022-04-09T12:55:25","modified_gmt":"2022-04-09T16:55:25","slug":"will-smith-asegura-que-respeta-su-veto-por-una-decada-de-los-eventos-de-la-academia","status":"publish","type":"post","link":"https:\/\/elluchador.info\/?p=208591","title":{"rendered":"Will Smith asegura que respeta su veto por una d\u00e9cada de los eventos de la Academia"},"content":{"rendered":"<p>Will Smith asegura que acepta y respeta el veto aprobado por la Academia de Artes y Ciencias Cinematogr\u00e1ficas este viernes, que impide su asistencia a todos los eventos organizados por la instituci\u00f3n durante los pr\u00f3ximos 10 a\u00f1os.<\/p>\n<p>As\u00ed lo expres\u00f3 a trav\u00e9s de un comunicado difundido por su representante art\u00edstico en distintos medios de comunicaci\u00f3n estadounidenses.<\/p>\n<p>La sanci\u00f3n fue aprobada por la Junta de Gobernadores de la Academia como una penalizaci\u00f3n frente a la bofetada propinada al humorista Chris Rock durante la \u00faltima ceremonia de los \u00d3scar, el pasado 27 de marzo.<\/p>\n<p>\u00abNo se permitir\u00e1 la asistencia del se\u00f1or Smith, f\u00edsica o virtual, a ninguno de los eventos o programas de la Academia de Hollywood, incluidos pero no exclusivamente, los \u00d3scar\u00bb, detallaron el presidente de la instituci\u00f3n, David Rubin, y su consejera delegada, Dawn Hudson a trav\u00e9s de una misiva.<\/p>\n<p>No obstante, el comunicado no especifica si el actor sigue siendo elegible para recibir nominaciones a los premios de la Academia.<\/p>\n<p>La expulsi\u00f3n permanente de Smith de la organizaci\u00f3n qued\u00f3 autom\u00e1ticamente descartada cuando el actor decidi\u00f3 renunciar a su membres\u00eda de la Academia la semana pasada.<\/p>\n<p>El Universal<\/p>\n","protected":false},"excerpt":{"rendered":"<p>Will Smith asegura que acepta y respeta el veto aprobado por la Academia de Artes y Ciencias Cinematogr\u00e1ficas este viernes, que impide su asistencia a todos los eventos organizados por la instituci\u00f3n durante los pr\u00f3ximos 10 a\u00f1os. As\u00ed lo expres\u00f3 a trav\u00e9s de un comunicado difundido por su representante art\u00edstico en distintos medios de comunicaci\u00f3n [&hellip;]<\/p>\n","protected":false},"author":2,"featured_media":208571,"comment_status":"closed","ping_status":"closed","sticky":false,"template":"","format":"standard","meta":{"footnotes":""},"categories":[7],"tags":[],"class_list":{"0":"post-208591","1":"post","2":"type-post","3":"status-publish","4":"format-standard","5":"has-post-thumbnail","7":"category-entretenimiento"},"_links":{"self":[{"href":"https:\/\/elluchador.info\/index.php?rest_route=\/wp\/v2\/posts\/208591","targetHints":{"allow":["GET"]}}],"collection":[{"href":"https:\/\/elluchador.info\/index.php?rest_route=\/wp\/v2\/posts"}],"about":[{"href":"https:\/\/elluchador.info\/index.php?rest_route=\/wp\/v2\/types\/post"}],"author":[{"embeddable":true,"href":"https:\/\/elluchador.info\/index.php?rest_route=\/wp\/v2\/users\/2"}],"replies":[{"embeddable":true,"href":"https:\/\/elluchador.info\/index.php?rest_route=%2Fwp%2Fv2%2Fcomments&post=208591"}],"version-history":[{"count":1,"href":"https:\/\/elluchador.info\/index.php?rest_route=\/wp\/v2\/posts\/208591\/revisions"}],"predecessor-version":[{"id":208592,"href":"https:\/\/elluchador.info\/index.php?rest_route=\/wp\/v2\/posts\/208591\/revisions\/208592"}],"wp:featuredmedia":[{"embeddable":true,"href":"https:\/\/elluchador.info\/index.php?rest_route=\/wp\/v2\/media\/208571"}],"wp:attachment":[{"href":"https:\/\/elluchador.info\/index.php?rest_route=%2Fwp%2Fv2%2Fmedia&parent=208591"}],"wp:term":[{"taxonomy":"category","embeddable":true,"href":"https:\/\/elluchador.info\/index.php?rest_route=%2Fwp%2Fv2%2Fcategories&post=208591"},{"taxonomy":"post_tag","embeddable":true,"href":"https:\/\/elluchador.info\/index.php?rest_route=%2Fwp%2Fv2%2Ftags&post=208591"}],"curies":[{"name":"wp","href":"https:\/\/api.w.org\/{rel}","templated":true}]}}