{"id":208611,"date":"2022-04-10T20:22:42","date_gmt":"2022-04-11T00:22:42","guid":{"rendered":"https:\/\/elluchador.info\/web\/?p=208611"},"modified":"2022-04-10T20:22:42","modified_gmt":"2022-04-11T00:22:42","slug":"mendy-sigue-al-margen-a-dos-dias-de-recibir-al-chelsea","status":"publish","type":"post","link":"https:\/\/elluchador.info\/?p=208611","title":{"rendered":"Mendy sigue al margen a dos d\u00edas de recibir al Chelsea"},"content":{"rendered":"<p>El franc\u00e9s Ferland Mendy se mantiene al margen del grupo en el entrenamiento del Real Madrid a dos d\u00edas del partido de vuelta de los cuartos de final de la Liga de Campeones ante el Chelsea en el estadio Santiago Bernab\u00e9u debido una sobrecarga en los abductores que le hacen ser duda tras ausentarse del duelo liguero ante el Getafe.<\/p>\n<p>Las molestias musculares sufridas por Mendy tras disputar dos partidos en cuatro d\u00edas, ante Celta y Chelsea, reci\u00e9n recuperado de su \u00faltima lesi\u00f3n, no terminan de remitir y el lateral zurdo a\u00fan no se reincorpor\u00f3 a la din\u00e1mica de grupo este domingo.<\/p>\n<p><strong>El cuerpo t\u00e9cnico conf\u00eda en que lo haga el lunes<\/strong>\u00a0en el \u00faltimo entrenamiento antes de medirse al Chelsea, donde realizar\u00e1 una prueba para decidir si puede ser titular o sigue siendo baja tras no jugar frente al Getafe.<\/p>\n<p>Su ausencia ser\u00eda un problema para Carlo Ancelotti que en Liga le dio la titularidad al brasile\u00f1o Marcelo, pero en partidos grandes no ha vuelto a apostar por \u00e9l y no puede hacerlo\u00a0<strong>por Nacho, ya que la baja por sanci\u00f3n de Militao le har\u00e1 jugar de central.<\/strong><\/p>\n<p>De momento, Mendy no fuerza en entrenamientos y el domingo se ejercit\u00f3 en la ciudad deportiva madridista en solitario sobre el c\u00e9sped, donde seg\u00fan informa el club trabaj\u00f3 con bal\u00f3n para probar sensaciones.<\/p>\n<p>El Real Madrid puso su mente en el nuevo duelo ante el vigente campe\u00f3n de Europa tras el triunfo de Londres de la ida (1-3). Junto a Eden Hazard, que inicia en Valdebebas el trabajo de recuperaci\u00f3n tras su operaci\u00f3n, ser\u00e1n baja Luka Jovic, que dio un paso en la recuperaci\u00f3n de sus problemas del tobillo derecho realizando trabajo de campo con bal\u00f3n, y Mariano D\u00edaz por problemas de v\u00e9rtigo que le hicieron quedarse de reposo en su domicilio.<\/p>\n<p>Con sesi\u00f3n de recuperaci\u00f3n para los titulares del Getafe, las rotaciones de Ancelotti permitieron trabajar con intensidad en el grupo a jugadores indiscutibles como Luka Modric, Toni Kroos y Dani Carvajal. Tras un inicio de la ma\u00f1ana con trabajo en el gimnasio, en el campo de entrenamiento realizaron ejercicios de posesi\u00f3n con bal\u00f3n y un partido en un campo de dimensiones reducidas.<\/p>\n<p>El lunes, Ancelotti juntar\u00e1 a todos sus jugadores disponibles para preparar la cita europea y decidir los cambios que tiene que realizar en un equipo titular en el que regresar\u00e1n Carvajal, Modric y Kroos, entrar\u00e1 Nacho y tomar\u00e1 una decisi\u00f3n en funci\u00f3n del estado de Mendy.<\/p>\n<p>EFE<\/p>\n","protected":false},"excerpt":{"rendered":"<p>El franc\u00e9s Ferland Mendy se mantiene al margen del grupo en el entrenamiento del Real Madrid a dos d\u00edas del partido de vuelta de los cuartos de final de la Liga de Campeones ante el Chelsea en el estadio Santiago Bernab\u00e9u debido una sobrecarga en los abductores que le hacen ser duda tras ausentarse del [&hellip;]<\/p>\n","protected":false},"author":2,"featured_media":208612,"comment_status":"closed","ping_status":"closed","sticky":false,"template":"","format":"standard","meta":{"footnotes":""},"categories":[4,5],"tags":[],"class_list":{"0":"post-208611","1":"post","2":"type-post","3":"status-publish","4":"format-standard","5":"has-post-thumbnail","7":"category-deportes","8":"category-destacado"},"_links":{"self":[{"href":"https:\/\/elluchador.info\/index.php?rest_route=\/wp\/v2\/posts\/208611","targetHints":{"allow":["GET"]}}],"collection":[{"href":"https:\/\/elluchador.info\/index.php?rest_route=\/wp\/v2\/posts"}],"about":[{"href":"https:\/\/elluchador.info\/index.php?rest_route=\/wp\/v2\/types\/post"}],"author":[{"embeddable":true,"href":"https:\/\/elluchador.info\/index.php?rest_route=\/wp\/v2\/users\/2"}],"replies":[{"embeddable":true,"href":"https:\/\/elluchador.info\/index.php?rest_route=%2Fwp%2Fv2%2Fcomments&post=208611"}],"version-history":[{"count":1,"href":"https:\/\/elluchador.info\/index.php?rest_route=\/wp\/v2\/posts\/208611\/revisions"}],"predecessor-version":[{"id":208613,"href":"https:\/\/elluchador.info\/index.php?rest_route=\/wp\/v2\/posts\/208611\/revisions\/208613"}],"wp:featuredmedia":[{"embeddable":true,"href":"https:\/\/elluchador.info\/index.php?rest_route=\/wp\/v2\/media\/208612"}],"wp:attachment":[{"href":"https:\/\/elluchador.info\/index.php?rest_route=%2Fwp%2Fv2%2Fmedia&parent=208611"}],"wp:term":[{"taxonomy":"category","embeddable":true,"href":"https:\/\/elluchador.info\/index.php?rest_route=%2Fwp%2Fv2%2Fcategories&post=208611"},{"taxonomy":"post_tag","embeddable":true,"href":"https:\/\/elluchador.info\/index.php?rest_route=%2Fwp%2Fv2%2Ftags&post=208611"}],"curies":[{"name":"wp","href":"https:\/\/api.w.org\/{rel}","templated":true}]}}