{"id":208686,"date":"2022-04-12T11:28:59","date_gmt":"2022-04-12T15:28:59","guid":{"rendered":"https:\/\/elluchador.info\/web\/?p=208686"},"modified":"2022-04-12T11:28:59","modified_gmt":"2022-04-12T15:28:59","slug":"con-imponente-desfile-civico-militar-conmemoraron-205-anos-de-la-batalla-de-san-felix","status":"publish","type":"post","link":"https:\/\/elluchador.info\/?p=208686","title":{"rendered":"Con imponente desfile c\u00edvico militar conmemoraron 205 a\u00f1os de la Batalla de San F\u00e9lix"},"content":{"rendered":"<p style=\"text-align: left;\" align=\"center\">*** Las familias guayanesas se unieron para conmemorar la historia, esencia y el renacer de la Batalla de San F\u00e9lix, al cumplirse 205 a\u00f1os de esta gesta heroica, librada por el \u201cLibertador de Guayana\u201d, general en jefe, Manuel Piar, en suelos del Cerro El Gallo<\/p>\n<p><b>San F\u00e9lix.-<\/b>\u00a0A las 6 de la ma\u00f1ana iniciaron las actividades con la izada de la bandera nacional, en la plaza Bicentenario del Cerro El Gallo, en conmemoraci\u00f3n de 205 a\u00f1os de la Batalla de San F\u00e9lix.<\/p>\n<p>El inicio de la programaci\u00f3n estuvo acompa\u00f1ado por la ofrenda floral\u00a0 y ceremonia de honor\u00a0 a los restos simb\u00f3licos del general Manuel Piar, que ser\u00e1n llevados el pr\u00f3ximo 28 de abril al Pante\u00f3n Nacional.<\/p>\n<p>Por el mismo suelo que lucharon nuestros pr\u00f3ceres en Cerro El Gallo, en San F\u00e9lix, m\u00e1s de 6.000 mujeres y hombres desfilaron para conmemorar 205 a\u00f1os de la gesta revolucionaria, que abri\u00f3 las puertas para la independencia.<\/p>\n<p>La esperanza emancipadora, al mando del general Manuel Piar, forj\u00f3 la historia de Guayana.<\/p>\n<p><img loading=\"lazy\" decoding=\"async\" class=\"alignnone size-full wp-image-208689\" src=\"https:\/\/elluchador.info\/web\/wp-content\/uploads\/2022\/04\/IMG-20220411-WA0003.jpg\" alt=\"\" width=\"1280\" height=\"960\" srcset=\"https:\/\/elluchador.info\/wp-content\/uploads\/2022\/04\/IMG-20220411-WA0003.jpg 1280w, https:\/\/elluchador.info\/wp-content\/uploads\/2022\/04\/IMG-20220411-WA0003-300x225.jpg 300w, https:\/\/elluchador.info\/wp-content\/uploads\/2022\/04\/IMG-20220411-WA0003-1024x768.jpg 1024w, https:\/\/elluchador.info\/wp-content\/uploads\/2022\/04\/IMG-20220411-WA0003-768x576.jpg 768w, https:\/\/elluchador.info\/wp-content\/uploads\/2022\/04\/IMG-20220411-WA0003-560x420.jpg 560w, https:\/\/elluchador.info\/wp-content\/uploads\/2022\/04\/IMG-20220411-WA0003-80x60.jpg 80w, https:\/\/elluchador.info\/wp-content\/uploads\/2022\/04\/IMG-20220411-WA0003-100x75.jpg 100w, https:\/\/elluchador.info\/wp-content\/uploads\/2022\/04\/IMG-20220411-WA0003-180x135.jpg 180w, https:\/\/elluchador.info\/wp-content\/uploads\/2022\/04\/IMG-20220411-WA0003-238x178.jpg 238w, https:\/\/elluchador.info\/wp-content\/uploads\/2022\/04\/IMG-20220411-WA0003-640x480.jpg 640w, https:\/\/elluchador.info\/wp-content\/uploads\/2022\/04\/IMG-20220411-WA0003-681x511.jpg 681w\" sizes=\"auto, (max-width: 1280px) 100vw, 1280px\" \/><\/p>\n<p><b>El bravo pueblo<\/b><\/p>\n<p>El bravo pueblo defendi\u00f3 sus tierras, esta victoria marc\u00f3 la retirada total de las fuerzas realistas, dejando esta zona rica en recursos minerales y producci\u00f3n de alimentos en manos del Ej\u00e9rcito Libertador, que vio cubiertas sus necesidades log\u00edsticas para continuar con la campa\u00f1a de liberaci\u00f3n de Venezuela, y posteriormente de Colombia y Ecuador.<\/p>\n<p>El gobernador del estado Bol\u00edvar, \u00c1ngel Marcano, acompa\u00f1ado de la gobernadora del estado Delta Amacuro, Lizeta Hern\u00e1ndez,\u00a0 el alcalde de Caron\u00ed, Tito Oviedo, y el ministro del poder popular para el Proceso Social del Trabajo, Jos\u00e9 Ram\u00f3n Rivero, unidos en gloria y honor lideraron.<\/p>\n<p>Tambi\u00e9n estuvo presente, Marisol Guti\u00e9rrez de Almeida, jefa del Consulado General de la Rep\u00fablica Bolivariana de Venezuela en Curazao.<\/p>\n<p><b>Orgullo patrio<\/b><\/p>\n<p>El gobernador \u00c1ngel Marcano asegur\u00f3 estar comprometido con los pueblos que decidieron ser libres. \u201cEste 11 de abril nos unimos los guerreros, los luchadores que creen en el potencial de nuestra tierra, hoy vemos c\u00f3mo nuestro pueblo respondi\u00f3 y es verdadero protagonista\u00bb.<\/p>\n<p>Por su parte, Tito Oviedo, alcalde de Caron\u00ed, destac\u00f3 que el pueblo de Ciudad Guayana tom\u00f3 el Cerro El Gallo. \u201cGracias al acompa\u00f1amiento de las\u00a0 autoridades nacionales. somos un pueblo que est\u00e1 orgulloso de pertenecer a esta tierra de guerreros, que batallamos por el reconocimiento de las luchas del Libertador de Guayana, quien abri\u00f3 paso a la\u00a0 independencia de Venezuela\u00bb.<\/p>\n<p><b>Imponente desfile y condecoraciones<\/b><\/p>\n<p>El tradicional desfile c\u00edvico militar policial, llen\u00f3 de color lo largo y ancho de la avenida Manuel Piar, y \u00a0cont\u00f3 con la participaci\u00f3n de m\u00e9dicos, Bloque Unitario Guayana es mujer, efectivos de las diferentes unidades de la Fuerza Armada Nacional Bolivariana (FANB), trabajadores de las empresas b\u00e1sicas,\u00a0 estudiantes y miembros del poder popular.<\/p>\n<p>Este a\u00f1o se entregaron m\u00e1s de 19 \u00f3rdenes General Manuel Piar, a todos los guayaneses que creen y luchan por la justicia y que durante la pandemia, dieron\u00a0 su vida en esta gran batalla contra el Covid_19, entre ellos; m\u00e9dicos, bomberos, protecci\u00f3n civil, polic\u00edas, empresas b\u00e1sicas, clase obrera, entre otros.<\/p>\n<p>Tambi\u00e9n se entreg\u00f3 reconocimiento post mortem al profesor, Alfonzo Vald\u00e9z Mederico, quien dedic\u00f3 su vida a la historia y reconocimiento de Manuel Piar.<\/p>\n<p><b>Prensa Gobernaci\u00f3n de Bol\u00edvar<\/b><\/p>\n","protected":false},"excerpt":{"rendered":"<p>*** Las familias guayanesas se unieron para conmemorar la historia, esencia y el renacer de la Batalla de San F\u00e9lix, al cumplirse 205 a\u00f1os de esta gesta heroica, librada por el \u201cLibertador de Guayana\u201d, general en jefe, Manuel Piar, en suelos del Cerro El Gallo San F\u00e9lix.-\u00a0A las 6 de la ma\u00f1ana iniciaron las actividades [&hellip;]<\/p>\n","protected":false},"author":2,"featured_media":208688,"comment_status":"closed","ping_status":"closed","sticky":false,"template":"","format":"standard","meta":{"footnotes":""},"categories":[5,12],"tags":[],"class_list":{"0":"post-208686","1":"post","2":"type-post","3":"status-publish","4":"format-standard","5":"has-post-thumbnail","7":"category-destacado","8":"category-regionales"},"_links":{"self":[{"href":"https:\/\/elluchador.info\/index.php?rest_route=\/wp\/v2\/posts\/208686","targetHints":{"allow":["GET"]}}],"collection":[{"href":"https:\/\/elluchador.info\/index.php?rest_route=\/wp\/v2\/posts"}],"about":[{"href":"https:\/\/elluchador.info\/index.php?rest_route=\/wp\/v2\/types\/post"}],"author":[{"embeddable":true,"href":"https:\/\/elluchador.info\/index.php?rest_route=\/wp\/v2\/users\/2"}],"replies":[{"embeddable":true,"href":"https:\/\/elluchador.info\/index.php?rest_route=%2Fwp%2Fv2%2Fcomments&post=208686"}],"version-history":[{"count":1,"href":"https:\/\/elluchador.info\/index.php?rest_route=\/wp\/v2\/posts\/208686\/revisions"}],"predecessor-version":[{"id":208690,"href":"https:\/\/elluchador.info\/index.php?rest_route=\/wp\/v2\/posts\/208686\/revisions\/208690"}],"wp:featuredmedia":[{"embeddable":true,"href":"https:\/\/elluchador.info\/index.php?rest_route=\/wp\/v2\/media\/208688"}],"wp:attachment":[{"href":"https:\/\/elluchador.info\/index.php?rest_route=%2Fwp%2Fv2%2Fmedia&parent=208686"}],"wp:term":[{"taxonomy":"category","embeddable":true,"href":"https:\/\/elluchador.info\/index.php?rest_route=%2Fwp%2Fv2%2Fcategories&post=208686"},{"taxonomy":"post_tag","embeddable":true,"href":"https:\/\/elluchador.info\/index.php?rest_route=%2Fwp%2Fv2%2Ftags&post=208686"}],"curies":[{"name":"wp","href":"https:\/\/api.w.org\/{rel}","templated":true}]}}