{"id":208700,"date":"2022-04-12T17:51:37","date_gmt":"2022-04-12T21:51:37","guid":{"rendered":"https:\/\/elluchador.info\/web\/?p=208700"},"modified":"2022-04-12T17:51:37","modified_gmt":"2022-04-12T21:51:37","slug":"recuerda-las-tradiciones-populares-de-la-semana-mayor","status":"publish","type":"post","link":"https:\/\/elluchador.info\/?p=208700","title":{"rendered":"\u00bfRecuerda las tradiciones populares de la Semana Mayor?"},"content":{"rendered":"<p>Conocida por sus creyentes como la Semana Mayor, Semana Santa es el per\u00edodo del cristianismo que transcurre desde el Domingo de Ramos hasta el Domingo de Resurrecci\u00f3n.<\/p>\n<p>La tradici\u00f3n de la Semana Santa inicia el Domingo de Ramos, donde se efect\u00faa la bendici\u00f3n de las palmas en los templos religiosos elaborada\u00a0 a mano, para luego usarla como protecci\u00f3n dentro de los hogares, sitios de trabajo y hasta en el autom\u00f3vil.<\/p>\n<p>Dentro del cristianismo, la Semana Santa es la puesta en escena de la interpretaci\u00f3n\u00a0 de la memoria del misterio central cristiano, la muerte y resurrecci\u00f3n de Jes\u00fas.<\/p>\n<figure id=\"attachment_208698\" aria-describedby=\"caption-attachment-208698\" style=\"width: 220px\" class=\"wp-caption alignnone\"><img loading=\"lazy\" decoding=\"async\" class=\"size-full wp-image-208698\" src=\"https:\/\/elluchador.info\/web\/wp-content\/uploads\/2022\/04\/1-1-1-1-tradiciones-populares-2.jpg\" alt=\"\" width=\"220\" height=\"146\" \/><figcaption id=\"caption-attachment-208698\" class=\"wp-caption-text\">Chilean Catholic devotees participate in the \u00abBurning of Judas\u00bb during Easter celebrations in Vina del Mar, Chile, about 120km west of Santiago, on April 04, 2010. AFP PHOTO\/Cristian OPAZO<\/figcaption><\/figure>\n<p><strong>\u00a1Creencias seg\u00fan las abuelitas !<\/strong><\/p>\n<p><strong>\u00a0<\/strong>No utilizar objetos filosos o no ba\u00f1arse en la playa son algunos de las viejas creencias que segu\u00edan las familias venezolanas.<\/p>\n<p>No pelear en los d\u00edas santos, no escuchar m\u00fasica,<\/p>\n<p>Otra de las m\u00e1s conocidas es no comer carne roja jueves y viernes santo, esto en consideraci\u00f3n a que el viernes es el d\u00eda de la muerte de Jes\u00fas.<\/p>\n<p><strong>Nazareno <\/strong><\/p>\n<p>El mi\u00e9rcoles de ceniza se suma a este hecho con la procesi\u00f3n de la imagen de Jesucristo cargando la cruz.<\/p>\n<p>La devoci\u00f3n al Nazareno, guarda su origen en una epidemia de gripe que no se le encontraba cura, por lo que se le atribuye al Nazareno la sanaci\u00f3n de gran parte de la poblaci\u00f3n.<\/p>\n<p><strong>Quema de Judas <\/strong><\/p>\n<p>La famosa quema de Judas se realiza el Domingo de Resurrecci\u00f3n, a modo de memorizar la traici\u00f3n de judas a Jes\u00fas\u00a0 y manifestar su descontento con este hecho religioso.<\/p>\n<p>Generalmente se usan materiales reciclados que la misma comunidad elabora y representar la figura del traidor, en Venezuela se suele usar la imagen de alguna figura p\u00fablica.<\/p>\n<p>Esta \u00e9poca es considerada una fecha para la reflexi\u00f3n donde se conmemora la muerte y resurrecci\u00f3n de Jesucristo, siendo aprovechado por otros muchos, en especial los d\u00edas Jueves y Viernes Santo.<\/p>\n<p>Con la informaci\u00f3n de Bicentenario\/Redacci\u00f3n<\/p>\n","protected":false},"excerpt":{"rendered":"<p>Conocida por sus creyentes como la Semana Mayor, Semana Santa es el per\u00edodo del cristianismo que transcurre desde el Domingo de Ramos hasta el Domingo de Resurrecci\u00f3n. La tradici\u00f3n de la Semana Santa inicia el Domingo de Ramos, donde se efect\u00faa la bendici\u00f3n de las palmas en los templos religiosos elaborada\u00a0 a mano, para luego [&hellip;]<\/p>\n","protected":false},"author":2,"featured_media":208697,"comment_status":"closed","ping_status":"closed","sticky":false,"template":"","format":"standard","meta":{"footnotes":""},"categories":[5,24,335],"tags":[957,306,958,409,956,955,954],"class_list":{"0":"post-208700","1":"post","2":"type-post","3":"status-publish","4":"format-standard","5":"has-post-thumbnail","7":"category-destacado","8":"category-efemerides","9":"category-tradiciones","10":"tag-catolicos","11":"tag-ciudad-bolivar","12":"tag-cristianos","13":"tag-despliegue","14":"tag-nazareno","15":"tag-semana-mayor","16":"tag-semana-santa"},"_links":{"self":[{"href":"https:\/\/elluchador.info\/index.php?rest_route=\/wp\/v2\/posts\/208700","targetHints":{"allow":["GET"]}}],"collection":[{"href":"https:\/\/elluchador.info\/index.php?rest_route=\/wp\/v2\/posts"}],"about":[{"href":"https:\/\/elluchador.info\/index.php?rest_route=\/wp\/v2\/types\/post"}],"author":[{"embeddable":true,"href":"https:\/\/elluchador.info\/index.php?rest_route=\/wp\/v2\/users\/2"}],"replies":[{"embeddable":true,"href":"https:\/\/elluchador.info\/index.php?rest_route=%2Fwp%2Fv2%2Fcomments&post=208700"}],"version-history":[{"count":1,"href":"https:\/\/elluchador.info\/index.php?rest_route=\/wp\/v2\/posts\/208700\/revisions"}],"predecessor-version":[{"id":208702,"href":"https:\/\/elluchador.info\/index.php?rest_route=\/wp\/v2\/posts\/208700\/revisions\/208702"}],"wp:featuredmedia":[{"embeddable":true,"href":"https:\/\/elluchador.info\/index.php?rest_route=\/wp\/v2\/media\/208697"}],"wp:attachment":[{"href":"https:\/\/elluchador.info\/index.php?rest_route=%2Fwp%2Fv2%2Fmedia&parent=208700"}],"wp:term":[{"taxonomy":"category","embeddable":true,"href":"https:\/\/elluchador.info\/index.php?rest_route=%2Fwp%2Fv2%2Fcategories&post=208700"},{"taxonomy":"post_tag","embeddable":true,"href":"https:\/\/elluchador.info\/index.php?rest_route=%2Fwp%2Fv2%2Ftags&post=208700"}],"curies":[{"name":"wp","href":"https:\/\/api.w.org\/{rel}","templated":true}]}}