{"id":208703,"date":"2022-04-12T18:04:25","date_gmt":"2022-04-12T22:04:25","guid":{"rendered":"https:\/\/elluchador.info\/web\/?p=208703"},"modified":"2022-04-12T18:04:25","modified_gmt":"2022-04-12T22:04:25","slug":"catedral-de-ciudad-bolivar-celebro-misa-crismal","status":"publish","type":"post","link":"https:\/\/elluchador.info\/?p=208703","title":{"rendered":"Catedral de Ciudad Bol\u00edvar celebr\u00f3 Misa Crismal"},"content":{"rendered":"<p><i><span style=\"font-weight: 400;\">*** Monse\u00f1or Ulises Guti\u00e9rrez inform\u00f3 que en los pr\u00f3ximos d\u00edas abrir\u00e1n, a trav\u00e9s de C\u00e1ritas, cuatro comedores parroquiales para beneficiar con comidas diarias a unos 400 ni\u00f1os y adultos en sectores populares.\u00a0<\/span><\/i><\/p>\n<p><span style=\"font-weight: 400;\">En el marco de la Semana Mayor, este Martes Santo, se celebr\u00f3 la Solemne Misa Crismal en la Catedral Metropolitana de Ciudad Bol\u00edvar, oficiada por Monse\u00f1or Ulises Antonio Guti\u00e9rrez.\u00a0<\/span><\/p>\n<p>Esta ceremonia religiosa reuni\u00f3 a todo el clero de la Arquidi\u00f3cesis de Ciudad Bol\u00edvar, y llen\u00f3 de fieles los espacios del mayor templo cat\u00f3lico bolivarense, <span style=\"font-weight: 400;\">para la bendici\u00f3n de los Santos \u00d3leos y la renovaci\u00f3n de las promesas sacerdotales<\/span>.<\/p>\n<p>La ceremonia inici\u00f3 con la entrada en procesi\u00f3n del prelado y el cuerpo presbiteral de la di\u00f3cesis, guiados por la palabra de Dios en la Santa Biblia.<\/p>\n<p>Esta es una misa, que normalmente se realiza los Jueves Santo, pero en esta ocasi\u00f3n se efectu\u00f3 previo a ese d\u00eda, donde se consagraron los santos \u00f3leos, (que no es m\u00e1s que una mezcla de esencias y aceite de oliva) que se emplean para los bautizos, confirmaci\u00f3n, y la unci\u00f3n de los enfermos, adem\u00e1s para la ordenaci\u00f3n sacerdotal.<\/p>\n<p>Este es un a\u00f1o especial para la iglesia, para la feligres\u00eda y para los cat\u00f3licos, dijo Monse\u00f1or Ulises Guti\u00e9rrez, durante la homil\u00eda, tras recordar que por dos a\u00f1os de pandemia los actos religiosos estuvieron suspendidos, pero nuevamente estaban cerca del pueblo. La vida de un sacerdote no tiene sentido si no es para servir al pueblo, dijo.<\/p>\n<p>Durante la homil\u00eda, el prelado record\u00f3 a los sacerdotes sus promesas sacerdotales, la oraci\u00f3n y compromiso. Asimismo, destac\u00f3 el camino sinodal que invita el Papa Francisco en esta nueva etapa de la vida de la iglesia, que no es m\u00e1s que caminar juntos.<\/p>\n<p>Como parte de la Campa\u00f1a Compartir 2022, cuyo lema este a\u00f1o est\u00e1 dirigido a los \u201cVoluntarios, Agentes de Esperanza\u201d, se entregaron los aportes correspondientes por cada parroquia perteneciente a la Arquidi\u00f3cesis, incluso de colegios cat\u00f3licos, pastorales e instituciones como la Universidad de Oriente en su n\u00facleo Bol\u00edvar.<\/p>\n<p>Abrir\u00e1n cuatro comedores parroquiales<\/p>\n<p>En el marco de la celebraci\u00f3n eucar\u00edstica, Monse\u00f1or Ulises anunci\u00f3 la apertura de cuatro comedores parroquiales para beneficiar a 400 ni\u00f1os y adultos en situaci\u00f3n de vulnerabilidad. Ser\u00e1n 50 comidas diarias en cada comedor, y ojal\u00e1 se puedan mantener en el tiempo, dijo.<\/p>\n<p>Estos comedores se abrieran pr\u00f3ximamente en sectores populares como San Jos\u00e9, Guaricongo y Mirador. Es un proyecto que va de la mano de C\u00e1ritas parroquiales Ciudad Bol\u00edvar, que vienen a complementar programas como las Ollas Solidarias y Banco de Medicinas, \u201cy que son una bendici\u00f3n de Dios\u201d.<\/p>\n<p>Record\u00f3 que C\u00e1ritas es la \u201ccaricia de la madre iglesia al pueblo que sufre\u201d, aquella poblaci\u00f3n venezolana m\u00e1s vulnerable que necesita ser atendida.<\/p>\n<p><img loading=\"lazy\" decoding=\"async\" class=\"alignnone size-medium wp-image-208704\" src=\"https:\/\/elluchador.info\/web\/wp-content\/uploads\/2022\/04\/1-1-300x200.jpg\" alt=\"\" width=\"300\" height=\"200\" srcset=\"https:\/\/elluchador.info\/wp-content\/uploads\/2022\/04\/1-1-300x200.jpg 300w, https:\/\/elluchador.info\/wp-content\/uploads\/2022\/04\/1-1-1024x683.jpg 1024w, https:\/\/elluchador.info\/wp-content\/uploads\/2022\/04\/1-1-768x512.jpg 768w, https:\/\/elluchador.info\/wp-content\/uploads\/2022\/04\/1-1-1536x1024.jpg 1536w, https:\/\/elluchador.info\/wp-content\/uploads\/2022\/04\/1-1-2048x1365.jpg 2048w, https:\/\/elluchador.info\/wp-content\/uploads\/2022\/04\/1-1-630x420.jpg 630w, https:\/\/elluchador.info\/wp-content\/uploads\/2022\/04\/1-1-537x360.jpg 537w, https:\/\/elluchador.info\/wp-content\/uploads\/2022\/04\/1-1-640x427.jpg 640w, https:\/\/elluchador.info\/wp-content\/uploads\/2022\/04\/1-1-681x454.jpg 681w\" sizes=\"auto, (max-width: 300px) 100vw, 300px\" \/><\/p>\n<p>Carolina Maffia CNP 9.261\/Fotos Yafi<\/p>\n","protected":false},"excerpt":{"rendered":"<p>*** Monse\u00f1or Ulises Guti\u00e9rrez inform\u00f3 que en los pr\u00f3ximos d\u00edas abrir\u00e1n, a trav\u00e9s de C\u00e1ritas, cuatro comedores parroquiales para beneficiar con comidas diarias a unos 400 ni\u00f1os y adultos en sectores populares.\u00a0 En el marco de la Semana Mayor, este Martes Santo, se celebr\u00f3 la Solemne Misa Crismal en la Catedral Metropolitana de Ciudad Bol\u00edvar, [&hellip;]<\/p>\n","protected":false},"author":2,"featured_media":208705,"comment_status":"closed","ping_status":"closed","sticky":false,"template":"","format":"standard","meta":{"footnotes":""},"categories":[5,12],"tags":[],"class_list":{"0":"post-208703","1":"post","2":"type-post","3":"status-publish","4":"format-standard","5":"has-post-thumbnail","7":"category-destacado","8":"category-regionales"},"_links":{"self":[{"href":"https:\/\/elluchador.info\/index.php?rest_route=\/wp\/v2\/posts\/208703","targetHints":{"allow":["GET"]}}],"collection":[{"href":"https:\/\/elluchador.info\/index.php?rest_route=\/wp\/v2\/posts"}],"about":[{"href":"https:\/\/elluchador.info\/index.php?rest_route=\/wp\/v2\/types\/post"}],"author":[{"embeddable":true,"href":"https:\/\/elluchador.info\/index.php?rest_route=\/wp\/v2\/users\/2"}],"replies":[{"embeddable":true,"href":"https:\/\/elluchador.info\/index.php?rest_route=%2Fwp%2Fv2%2Fcomments&post=208703"}],"version-history":[{"count":1,"href":"https:\/\/elluchador.info\/index.php?rest_route=\/wp\/v2\/posts\/208703\/revisions"}],"predecessor-version":[{"id":208706,"href":"https:\/\/elluchador.info\/index.php?rest_route=\/wp\/v2\/posts\/208703\/revisions\/208706"}],"wp:featuredmedia":[{"embeddable":true,"href":"https:\/\/elluchador.info\/index.php?rest_route=\/wp\/v2\/media\/208705"}],"wp:attachment":[{"href":"https:\/\/elluchador.info\/index.php?rest_route=%2Fwp%2Fv2%2Fmedia&parent=208703"}],"wp:term":[{"taxonomy":"category","embeddable":true,"href":"https:\/\/elluchador.info\/index.php?rest_route=%2Fwp%2Fv2%2Fcategories&post=208703"},{"taxonomy":"post_tag","embeddable":true,"href":"https:\/\/elluchador.info\/index.php?rest_route=%2Fwp%2Fv2%2Ftags&post=208703"}],"curies":[{"name":"wp","href":"https:\/\/api.w.org\/{rel}","templated":true}]}}