{"id":208710,"date":"2022-04-12T20:08:17","date_gmt":"2022-04-13T00:08:17","guid":{"rendered":"https:\/\/elluchador.info\/web\/?p=208710"},"modified":"2022-04-12T20:08:17","modified_gmt":"2022-04-13T00:08:17","slug":"abatidos-tres-integrantes-de-la-banda-de-zacarias","status":"publish","type":"post","link":"https:\/\/elluchador.info\/?p=208710","title":{"rendered":"Abatidos tres integrantes de la banda de \u201cZacar\u00edas\u201d"},"content":{"rendered":"<p>Tres cad\u00e1veres con disparos ingresaron a la morgue del Hospital Dr. Juan Germ\u00e1n Roscio de El Callao.<\/p>\n<p>Los cuerpos\u00a0 fueron trasladados por militares del Destacamento de Comandos Rurales N\u00famero 62, acantonados en dicha poblaci\u00f3n.<\/p>\n<p>Seg\u00fan, fuentes extraoficiales, los aparentes bandoleros era conocidos en los bajos fondos como \u201cEl Ricki\u201d, \u201cEl Topo\u201d y \u201cEl Miguelito\u201d, supuestamente se enfrentaron a la comisi\u00f3n de la GN en sector Valle Verde.<\/p>\n<p>El tr\u00edo, se hallaba acompa\u00f1ado de otros desconocidos quienes lograron huir en la balacera, en el lugar incautaron granadas M14, escopeta calibre 12, pistola 9 mil\u00edmetros y rev\u00f3lver 38.<\/p>\n<p>\u201cZacar\u00edas\u201d uno de los antisociales m\u00e1s buscados, a trav\u00e9s de un mensaje de voz, se pronunci\u00f3 y reconoci\u00f3 que tres de sus hombres resultaron abatidos por efectivos de la Guardia Nacional.<\/p>\n<p>Tambi\u00e9n, advierte que no abandonaran sitios mineros de El Per\u00fa, territorio que controlan desde hace muchos a\u00f1os, adem\u00e1s, acus\u00f3 a altos cargos de los cuerpos de seguridad de proteger a otros grupos armados de El Callao.<\/p>\n<p>La situaci\u00f3n para la poblaci\u00f3n del municipio El Callao, es tensa. Muchos de sus habitantes se encuentran en sus viviendas, temen salir a las calles de esta localidad.<\/p>\n<p>NP<\/p>\n","protected":false},"excerpt":{"rendered":"<p>Tres cad\u00e1veres con disparos ingresaron a la morgue del Hospital Dr. Juan Germ\u00e1n Roscio de El Callao. Los cuerpos\u00a0 fueron trasladados por militares del Destacamento de Comandos Rurales N\u00famero 62, acantonados en dicha poblaci\u00f3n. Seg\u00fan, fuentes extraoficiales, los aparentes bandoleros era conocidos en los bajos fondos como \u201cEl Ricki\u201d, \u201cEl Topo\u201d y \u201cEl Miguelito\u201d, supuestamente [&hellip;]<\/p>\n","protected":false},"author":2,"featured_media":208711,"comment_status":"closed","ping_status":"closed","sticky":false,"template":"","format":"standard","meta":{"footnotes":""},"categories":[5,13],"tags":[],"class_list":{"0":"post-208710","1":"post","2":"type-post","3":"status-publish","4":"format-standard","5":"has-post-thumbnail","7":"category-destacado","8":"category-sucesos"},"_links":{"self":[{"href":"https:\/\/elluchador.info\/index.php?rest_route=\/wp\/v2\/posts\/208710","targetHints":{"allow":["GET"]}}],"collection":[{"href":"https:\/\/elluchador.info\/index.php?rest_route=\/wp\/v2\/posts"}],"about":[{"href":"https:\/\/elluchador.info\/index.php?rest_route=\/wp\/v2\/types\/post"}],"author":[{"embeddable":true,"href":"https:\/\/elluchador.info\/index.php?rest_route=\/wp\/v2\/users\/2"}],"replies":[{"embeddable":true,"href":"https:\/\/elluchador.info\/index.php?rest_route=%2Fwp%2Fv2%2Fcomments&post=208710"}],"version-history":[{"count":1,"href":"https:\/\/elluchador.info\/index.php?rest_route=\/wp\/v2\/posts\/208710\/revisions"}],"predecessor-version":[{"id":208712,"href":"https:\/\/elluchador.info\/index.php?rest_route=\/wp\/v2\/posts\/208710\/revisions\/208712"}],"wp:featuredmedia":[{"embeddable":true,"href":"https:\/\/elluchador.info\/index.php?rest_route=\/wp\/v2\/media\/208711"}],"wp:attachment":[{"href":"https:\/\/elluchador.info\/index.php?rest_route=%2Fwp%2Fv2%2Fmedia&parent=208710"}],"wp:term":[{"taxonomy":"category","embeddable":true,"href":"https:\/\/elluchador.info\/index.php?rest_route=%2Fwp%2Fv2%2Fcategories&post=208710"},{"taxonomy":"post_tag","embeddable":true,"href":"https:\/\/elluchador.info\/index.php?rest_route=%2Fwp%2Fv2%2Ftags&post=208710"}],"curies":[{"name":"wp","href":"https:\/\/api.w.org\/{rel}","templated":true}]}}