{"id":208720,"date":"2022-04-13T10:26:09","date_gmt":"2022-04-13T14:26:09","guid":{"rendered":"https:\/\/elluchador.info\/web\/?p=208720"},"modified":"2022-04-13T10:32:25","modified_gmt":"2022-04-13T14:32:25","slug":"hoy-es-miercoles-santo-este-es-su-origen-que-significa-y-por-que-se-celebra-en-semana-santa","status":"publish","type":"post","link":"https:\/\/elluchador.info\/?p=208720","title":{"rendered":"Hoy es Mi\u00e9rcoles Santo: Este es su origen, qu\u00e9 significa y por qu\u00e9 se celebra en Semana Santa"},"content":{"rendered":"<p>La primera parte de la Semana Santa cristiana llega a su fin con la celebraci\u00f3n del Mi\u00e9rcoles Santo, ya que este d\u00eda marca el final de la Cuaresma y el inicio de la Pascua. Fecha crucial para el cristianismo en el que, seg\u00fan las la Biblia, se decide la sentencia de Jes\u00fas en la cruz.<\/p>\n<h2>Origen y significado del Mi\u00e9rcoles Santo<\/h2>\n<p>El Mi\u00e9rcoles Santo es uno de los d\u00edas cruciales de la Semana Santa, ya que se marca como la fecha en la que Judas Iscariote, seg\u00fan San Mateo, se re\u00fane el Sanedr\u00edn (tribunal religioso jud\u00edo) para condenar a Jesus a la crucifixi\u00f3n. La decisi\u00f3n de Judas se ve reflejada como un acto de traici\u00f3n ante una asamblea conformada por 23 jueces pertenecientes a cada una de las ciudades jud\u00edas del antiguo Israel. Es en este momento en el que supuestamente se planea c\u00f3mo Judas entregar\u00e1 a Jes\u00fas a los guardias romanos a cambio de 30 monedas de plata.<\/p>\n<p>A partir de este d\u00eda, Jes\u00fas de Nazaret se convierte en un preso de los romanos que es fustigado de forma continua hasta su posterior crucifixi\u00f3n. En un principio, el Mi\u00e9rcoles Santo fue el d\u00eda elegido por la Iglesia para comenzar el ayuno por la importancia que esta fecha representa. No obstante, el paso de los a\u00f1os y las tradiciones ha cambiado la costumbre por el ayuno \u00fanico de carne en Viernes Santo.<\/p>\n<p><strong>Por\u00a0<a href=\"https:\/\/as.com\/diarioas\/2022\/04\/13\/actualidad\/1649834879_836528.html\">As<\/a><\/strong><\/p>\n","protected":false},"excerpt":{"rendered":"<p>La primera parte de la Semana Santa cristiana llega a su fin con la celebraci\u00f3n del Mi\u00e9rcoles Santo, ya que este d\u00eda marca el final de la Cuaresma y el inicio de la Pascua. Fecha crucial para el cristianismo en el que, seg\u00fan las la Biblia, se decide la sentencia de Jes\u00fas en la cruz. [&hellip;]<\/p>\n","protected":false},"author":2,"featured_media":208721,"comment_status":"closed","ping_status":"closed","sticky":false,"template":"","format":"standard","meta":{"footnotes":""},"categories":[5,24],"tags":[],"class_list":{"0":"post-208720","1":"post","2":"type-post","3":"status-publish","4":"format-standard","5":"has-post-thumbnail","7":"category-destacado","8":"category-efemerides"},"_links":{"self":[{"href":"https:\/\/elluchador.info\/index.php?rest_route=\/wp\/v2\/posts\/208720","targetHints":{"allow":["GET"]}}],"collection":[{"href":"https:\/\/elluchador.info\/index.php?rest_route=\/wp\/v2\/posts"}],"about":[{"href":"https:\/\/elluchador.info\/index.php?rest_route=\/wp\/v2\/types\/post"}],"author":[{"embeddable":true,"href":"https:\/\/elluchador.info\/index.php?rest_route=\/wp\/v2\/users\/2"}],"replies":[{"embeddable":true,"href":"https:\/\/elluchador.info\/index.php?rest_route=%2Fwp%2Fv2%2Fcomments&post=208720"}],"version-history":[{"count":1,"href":"https:\/\/elluchador.info\/index.php?rest_route=\/wp\/v2\/posts\/208720\/revisions"}],"predecessor-version":[{"id":208722,"href":"https:\/\/elluchador.info\/index.php?rest_route=\/wp\/v2\/posts\/208720\/revisions\/208722"}],"wp:featuredmedia":[{"embeddable":true,"href":"https:\/\/elluchador.info\/index.php?rest_route=\/wp\/v2\/media\/208721"}],"wp:attachment":[{"href":"https:\/\/elluchador.info\/index.php?rest_route=%2Fwp%2Fv2%2Fmedia&parent=208720"}],"wp:term":[{"taxonomy":"category","embeddable":true,"href":"https:\/\/elluchador.info\/index.php?rest_route=%2Fwp%2Fv2%2Fcategories&post=208720"},{"taxonomy":"post_tag","embeddable":true,"href":"https:\/\/elluchador.info\/index.php?rest_route=%2Fwp%2Fv2%2Ftags&post=208720"}],"curies":[{"name":"wp","href":"https:\/\/api.w.org\/{rel}","templated":true}]}}