{"id":208775,"date":"2022-04-13T19:54:10","date_gmt":"2022-04-13T23:54:10","guid":{"rendered":"https:\/\/elluchador.info\/web\/?p=208775"},"modified":"2022-04-13T19:54:10","modified_gmt":"2022-04-13T23:54:10","slug":"cabildo-caraqueno-cambio-los-simbolos-y-escudo-de-la-ciudad-capital","status":"publish","type":"post","link":"https:\/\/elluchador.info\/?p=208775","title":{"rendered":"Cabildo Caraque\u00f1o cambio los s\u00edmbolos y escudo de la ciudad capital"},"content":{"rendered":"<p>El cabildo caraque\u00f1o cambio los s\u00edmbolos y el escudo de la ciudad capital, seg\u00fan lo inform\u00f3 la concejal de la Alianza por el L\u00e1piz Mayerling Occhino a trav\u00e9s de su cuenta Twitter.<\/p>\n<p>El tradicional Le\u00f3n, que implica a Santiago de Le\u00f3n de Caracas, ya no estar\u00e1 en los s\u00edmbolos sino que cambiaron a los siguientes:<\/p>\n<p><img loading=\"lazy\" decoding=\"async\" class=\"alignnone size-full wp-image-208776\" src=\"https:\/\/elluchador.info\/web\/wp-content\/uploads\/2022\/04\/Bandera-300x298-1.jpg\" alt=\"\" width=\"300\" height=\"298\" srcset=\"https:\/\/elluchador.info\/wp-content\/uploads\/2022\/04\/Bandera-300x298-1.jpg 300w, https:\/\/elluchador.info\/wp-content\/uploads\/2022\/04\/Bandera-300x298-1-150x150.jpg 150w\" sizes=\"auto, (max-width: 300px) 100vw, 300px\" \/> <img loading=\"lazy\" decoding=\"async\" class=\"alignnone size-medium wp-image-208777\" src=\"https:\/\/elluchador.info\/web\/wp-content\/uploads\/2022\/04\/Escudo-de-Caracas-300x294-1.jpg\" alt=\"\" width=\"300\" height=\"294\" \/><\/p>\n<p>&nbsp;<\/p>\n<p>Seg\u00fan Occhino, la primera discusi\u00f3n de esta nueva ordenanza se realiz\u00f3 en tiempos de la alcald\u00eda de Jorge Rodr\u00edguez, y que ello fue aprobado por los concejales miembros de la Mesa de Unidad Democr\u00e1tica (MUD).<\/p>\n<p>La alianza por el L\u00e1piz salv\u00f3 su voto sobre esta medida que incluy\u00f3 tambi\u00e9n cambios en el himno de Caracas.<\/p>\n<p><span class=\"css-901oao css-16my406 r-poiln3 r-bcqeeo r-qvutc0\">El arte ganador para el nuevo escudo fue el presentado por el artista Omar Cruz, l<\/span><span class=\"css-901oao css-16my406 r-poiln3 r-bcqeeo r-qvutc0\">a bandera fue elaborada por Mar\u00eda Jim\u00e9nez y V\u00edctor Rodr\u00edguez y el nuevo himno \u00abCaracas Vencer\u00e1\u00bb es letra de Noel M\u00e1rquez y m\u00fasica de Manuel Barrios; inform\u00f3 la subsecretaria de la C\u00e1mara y coordinadora nacional de la Red de Cultura del Movimiento Somos Venezuela, Erika Bernal Echeto.<\/span><\/p>\n<p>La nueva bandera, resalta el cielo caraque\u00f1o y el Waraira Repano, mientras que el himno hace referencia a personajes ind\u00edgenas como Apacuana, Tiuna y Carapaica.<\/p>\n<p>Se trata de un estandarte con fondo rojo que en el centro cuenta con un tri\u00e1ngulo en el que se aprecia la silueta del\u00a0 \u00c1vila y una estrella blanca de cinco puntas.<\/p>\n<p>Por su parte, el escudo de la ciudad contiene im\u00e1genes de hojas de pira y una guacamaya. En el centro est\u00e1 presente el rostro del Libertador Sim\u00f3n Bol\u00edvar junto al Cacique Guaicaipuro, y resalta la frase; \u00abSeguid el ejemplo que Caracas dio\u00bb, con los per\u00edodos hist\u00f3ricos 1810-1811 y 1989-2002.<\/p>\n<p>En la parte inferior cuenta con una cinta de color rojo en la que se lee \u201cSeguid el ejemplo que Caracas dio\u201d.<\/p>\n<p>Varios grupos de oposici\u00f3n denunciaron este cambio de s\u00edmbolos como un acto sectario que desvirt\u00faa la historia de la capital y convierte a sus s\u00edmbolos en elementos de propaganda oficial.<\/p>\n<p><img loading=\"lazy\" decoding=\"async\" class=\"alignnone size-medium wp-image-208778\" src=\"https:\/\/elluchador.info\/web\/wp-content\/uploads\/2022\/04\/FQPBlCYWUAkHmfr-1-160x300.jpg\" alt=\"\" width=\"160\" height=\"300\" srcset=\"https:\/\/elluchador.info\/wp-content\/uploads\/2022\/04\/FQPBlCYWUAkHmfr-1-160x300.jpg 160w, https:\/\/elluchador.info\/wp-content\/uploads\/2022\/04\/FQPBlCYWUAkHmfr-1-546x1024.jpg 546w, https:\/\/elluchador.info\/wp-content\/uploads\/2022\/04\/FQPBlCYWUAkHmfr-1-224x420.jpg 224w, https:\/\/elluchador.info\/wp-content\/uploads\/2022\/04\/FQPBlCYWUAkHmfr-1.jpg 576w\" sizes=\"auto, (max-width: 160px) 100vw, 160px\" \/> <img loading=\"lazy\" decoding=\"async\" class=\"alignnone size-medium wp-image-208779\" src=\"https:\/\/elluchador.info\/web\/wp-content\/uploads\/2022\/04\/FQPBlCYWUAkHmfr-160x300.jpg\" alt=\"\" width=\"160\" height=\"300\" srcset=\"https:\/\/elluchador.info\/wp-content\/uploads\/2022\/04\/FQPBlCYWUAkHmfr-160x300.jpg 160w, https:\/\/elluchador.info\/wp-content\/uploads\/2022\/04\/FQPBlCYWUAkHmfr-546x1024.jpg 546w, https:\/\/elluchador.info\/wp-content\/uploads\/2022\/04\/FQPBlCYWUAkHmfr-224x420.jpg 224w, https:\/\/elluchador.info\/wp-content\/uploads\/2022\/04\/FQPBlCYWUAkHmfr.jpg 576w\" sizes=\"auto, (max-width: 160px) 100vw, 160px\" \/><\/p>\n<p>Especial<\/p>\n","protected":false},"excerpt":{"rendered":"<p>El cabildo caraque\u00f1o cambio los s\u00edmbolos y el escudo de la ciudad capital, seg\u00fan lo inform\u00f3 la concejal de la Alianza por el L\u00e1piz Mayerling Occhino a trav\u00e9s de su cuenta Twitter. El tradicional Le\u00f3n, que implica a Santiago de Le\u00f3n de Caracas, ya no estar\u00e1 en los s\u00edmbolos sino que cambiaron a los siguientes: [&hellip;]<\/p>\n","protected":false},"author":2,"featured_media":208780,"comment_status":"closed","ping_status":"closed","sticky":false,"template":"","format":"standard","meta":{"footnotes":""},"categories":[5,9],"tags":[969,614,970,971,972],"class_list":{"0":"post-208775","1":"post","2":"type-post","3":"status-publish","4":"format-standard","5":"has-post-thumbnail","7":"category-destacado","8":"category-nacionales","9":"tag-bandera","10":"tag-caracas","11":"tag-ciudad","12":"tag-escudo-himno","13":"tag-simbolos"},"_links":{"self":[{"href":"https:\/\/elluchador.info\/index.php?rest_route=\/wp\/v2\/posts\/208775","targetHints":{"allow":["GET"]}}],"collection":[{"href":"https:\/\/elluchador.info\/index.php?rest_route=\/wp\/v2\/posts"}],"about":[{"href":"https:\/\/elluchador.info\/index.php?rest_route=\/wp\/v2\/types\/post"}],"author":[{"embeddable":true,"href":"https:\/\/elluchador.info\/index.php?rest_route=\/wp\/v2\/users\/2"}],"replies":[{"embeddable":true,"href":"https:\/\/elluchador.info\/index.php?rest_route=%2Fwp%2Fv2%2Fcomments&post=208775"}],"version-history":[{"count":1,"href":"https:\/\/elluchador.info\/index.php?rest_route=\/wp\/v2\/posts\/208775\/revisions"}],"predecessor-version":[{"id":208781,"href":"https:\/\/elluchador.info\/index.php?rest_route=\/wp\/v2\/posts\/208775\/revisions\/208781"}],"wp:featuredmedia":[{"embeddable":true,"href":"https:\/\/elluchador.info\/index.php?rest_route=\/wp\/v2\/media\/208780"}],"wp:attachment":[{"href":"https:\/\/elluchador.info\/index.php?rest_route=%2Fwp%2Fv2%2Fmedia&parent=208775"}],"wp:term":[{"taxonomy":"category","embeddable":true,"href":"https:\/\/elluchador.info\/index.php?rest_route=%2Fwp%2Fv2%2Fcategories&post=208775"},{"taxonomy":"post_tag","embeddable":true,"href":"https:\/\/elluchador.info\/index.php?rest_route=%2Fwp%2Fv2%2Ftags&post=208775"}],"curies":[{"name":"wp","href":"https:\/\/api.w.org\/{rel}","templated":true}]}}