{"id":208796,"date":"2022-04-18T11:01:04","date_gmt":"2022-04-18T15:01:04","guid":{"rendered":"https:\/\/elluchador.info\/web\/?p=208796"},"modified":"2022-04-18T11:01:04","modified_gmt":"2022-04-18T15:01:04","slug":"segunda-selfies-expo-feria-en-ciudad-bolivar","status":"publish","type":"post","link":"https:\/\/elluchador.info\/?p=208796","title":{"rendered":"Segunda Selfies Expo Feria en Ciudad Bol\u00edvar"},"content":{"rendered":"<p style=\"font-weight: 400;\">Selfies Expo Feria es un evento divertido con espacios sumergibles y aros de luces, las personas que asisten; pueden crear contenido para sus redes sociales (Tiktok -Instagram) adem\u00e1s disfrutan de todo lo que ofrecen las empresas en los stands.<\/p>\n<p style=\"font-weight: 400;\">Oscar Lara, organizador de este gran evento explic\u00f3 que la primera edici\u00f3n fue en octubre del 2021 y result\u00f3 todo un \u00e9xito, llevando estos espacios a otras ciudades como Puerto Ordaz y Caracas.<\/p>\n<p style=\"font-weight: 400;\">\u201cLo hicimos por primera vez el a\u00f1o pasado y fue tan exitoso que lo replicamos en Puerto Ordaz y en la capital\u201d.<\/p>\n<p style=\"font-weight: 400;\">Este gran encuentro de emprendedores y personalidades es producido por @Elcanaldexoxo, es un evento de @Expoferiasyeventos.<\/p>\n<p style=\"font-weight: 400;\">Afirm\u00f3 que esta creado para todas las generaciones, \u201cSelfies Expoferia perite vivir una experiencia inmersiva al momento de crear contenido para las redes sociales\u201d.<\/p>\n<p style=\"font-weight: 400;\">Este evento convoca fot\u00f3grafos, modelos, maquilladores, estilistas y reconocidas marcas e influencers de la capital.<\/p>\n<p style=\"font-weight: 400;\">Lara anunci\u00f3 que la pr\u00f3xima edici\u00f3n ser\u00e1 en el Sal\u00f3n Elite Vip de Ciudad Bol\u00edvar, el pr\u00f3ximo 23 de abril a partir de las 4:00 pm.<\/p>\n<p><strong>Gabriela Simosa<\/strong><\/p>\n","protected":false},"excerpt":{"rendered":"<p>Selfies Expo Feria es un evento divertido con espacios sumergibles y aros de luces, las personas que asisten; pueden crear contenido para sus redes sociales (Tiktok -Instagram) adem\u00e1s disfrutan de todo lo que ofrecen las empresas en los stands. Oscar Lara, organizador de este gran evento explic\u00f3 que la primera edici\u00f3n fue en octubre del [&hellip;]<\/p>\n","protected":false},"author":2,"featured_media":208797,"comment_status":"closed","ping_status":"closed","sticky":false,"template":"","format":"standard","meta":{"footnotes":""},"categories":[5,12],"tags":[],"class_list":{"0":"post-208796","1":"post","2":"type-post","3":"status-publish","4":"format-standard","5":"has-post-thumbnail","7":"category-destacado","8":"category-regionales"},"_links":{"self":[{"href":"https:\/\/elluchador.info\/index.php?rest_route=\/wp\/v2\/posts\/208796","targetHints":{"allow":["GET"]}}],"collection":[{"href":"https:\/\/elluchador.info\/index.php?rest_route=\/wp\/v2\/posts"}],"about":[{"href":"https:\/\/elluchador.info\/index.php?rest_route=\/wp\/v2\/types\/post"}],"author":[{"embeddable":true,"href":"https:\/\/elluchador.info\/index.php?rest_route=\/wp\/v2\/users\/2"}],"replies":[{"embeddable":true,"href":"https:\/\/elluchador.info\/index.php?rest_route=%2Fwp%2Fv2%2Fcomments&post=208796"}],"version-history":[{"count":1,"href":"https:\/\/elluchador.info\/index.php?rest_route=\/wp\/v2\/posts\/208796\/revisions"}],"predecessor-version":[{"id":208798,"href":"https:\/\/elluchador.info\/index.php?rest_route=\/wp\/v2\/posts\/208796\/revisions\/208798"}],"wp:featuredmedia":[{"embeddable":true,"href":"https:\/\/elluchador.info\/index.php?rest_route=\/wp\/v2\/media\/208797"}],"wp:attachment":[{"href":"https:\/\/elluchador.info\/index.php?rest_route=%2Fwp%2Fv2%2Fmedia&parent=208796"}],"wp:term":[{"taxonomy":"category","embeddable":true,"href":"https:\/\/elluchador.info\/index.php?rest_route=%2Fwp%2Fv2%2Fcategories&post=208796"},{"taxonomy":"post_tag","embeddable":true,"href":"https:\/\/elluchador.info\/index.php?rest_route=%2Fwp%2Fv2%2Ftags&post=208796"}],"curies":[{"name":"wp","href":"https:\/\/api.w.org\/{rel}","templated":true}]}}