{"id":208802,"date":"2022-04-18T11:46:25","date_gmt":"2022-04-18T15:46:25","guid":{"rendered":"https:\/\/elluchador.info\/web\/?p=208802"},"modified":"2022-04-18T12:09:23","modified_gmt":"2022-04-18T16:09:23","slug":"bolivarenses-gratamente-sorprendidos-y-nos-hicieron-el-sueno-realidad","status":"publish","type":"post","link":"https:\/\/elluchador.info\/?p=208802","title":{"rendered":"Bolivarenses gratamente sorprendidos: \u201cY nos hicieron el sue\u00f1o realidad\u201d"},"content":{"rendered":"<p style=\"font-weight: 400;\">***Puente Angostura se visti\u00f3 con el tricolor nacional<\/p>\n<p style=\"font-weight: 400;\">Esta reci\u00e9n finalizada Semana Santa ha dejado en el gentilicio bolivarense el agradable sentimiento de satisfacci\u00f3n que genera recibir un regalo que se anhelaba desde hace algunos a\u00f1os. El pasado viernes por la noche Ciudad Bol\u00edvar fue gratamente sorprendida cuando de manera oficial el puente Angostura fue encendido mostrando los colores de la bandera nacional.<\/p>\n<p style=\"font-weight: 400;\">De inmediato las redes sociales tambi\u00e9n comenzaron a encenderse con tan inesperada noticia. Comentarios de alegr\u00eda, muestras de orgullo hacia la ciudad y hasta el reconocimiento para las autoridades por hacer \u201crenacer\u201d el puente Angostura, se hicieron virales.<\/p>\n<p style=\"font-weight: 400;\">\u201cY nos hicieron realidad el sue\u00f1o\u201d, porque eso lleg\u00f3 a ser la iluminaci\u00f3n de esta obra ic\u00f3nica de la ingenier\u00eda venezolana un sue\u00f1o que parec\u00eda imposible de alcanzar dado el estado de abandono en el que se encontraba.<\/p>\n<p style=\"font-weight: 400;\">Ir al paseo Orinoco de noche y mirar hacia el puente solo era sin\u00f3nimo de lamentarse por la oscuridad que lo hac\u00eda invisible, sentimiento que se pod\u00eda traducir en rabia e impotencia para quienes amamos esta ciudad.<\/p>\n<p style=\"font-weight: 400;\">Muchas veces se escuch\u00f3 en el clamor de la gente que se iluminara el puente, que se le diera un cari\u00f1ito, pero el mayor anhelo era verlo lucir el tricolor nacional, algo que para miles era como osado pedirlo.<\/p>\n<p style=\"font-weight: 400;\">Caricaturas, fotograf\u00edas, pinturas, etc en las que el puente se vest\u00eda de tricolor se exhibieron durante mucho tiempo, incluso el a\u00f1o pasado cuando el puente arrib\u00f3 a su aniversario 54 , el diario digital El Luchador public\u00f3 un reportaje especial que se titul\u00f3 \u00abConversando con el puente\u00bb, en el que de una forma muy literaria, la periodista habl\u00f3 con el \u201cse\u00f1or puente\u201d y \u00e9ste se lamentaba por el estado de deterioro en el que estaba sumergido, pero, sin perder la fe, su mayor deseo era regalarle a los bolivarenses ese traje hermoso con luces tricolores.<\/p>\n<p style=\"font-weight: 400;\"><strong><em>Extracto de \u00abConversando con el puente\u00bb en 2021<\/em><\/strong><\/p>\n<p style=\"font-weight: 400;\"><strong><em>-Se\u00f1or, hoy est\u00e1s de cumplea\u00f1os y eso es bueno, es un gran motivo para compartir contigo. Si tuvieras la oportunidad de pedir un deseo, \u00bfCu\u00e1l ser\u00eda?<\/em><\/strong><\/p>\n<p style=\"font-weight: 400;\"><strong><em>-Pedir\u00eda que se me hicieran un mantenimiento profundo, que constantemente se me vigilara, que se recuperara toda mi estructura y me permitan seguir envejeciendo como un abuelo al que todos quieren visitar. Y lo que m\u00e1s, m\u00e1s, m\u00e1s me gustar\u00eda, ser\u00eda que me alumbraran todo, incluyendo mi silueta, y que esta se vea desde all\u00e1, desde tu Ciudad Bol\u00edvar, con el tricolor nacional.<\/em><\/strong><\/p>\n<p style=\"font-weight: 400;\">La espera ha terminado y el sue\u00f1o ya es realidad. Gracias al trabajo conjunto de organismos p\u00fablicos y la empresa privada hoy el puente luce radiante y para la felicidad de todos ahora ir al paseo Orinoco recuper\u00f3 la magia porque \u201chay que tomarse una selfie con el puente tricolor de fondo\u201d.<\/p>\n<p style=\"font-weight: 400;\">El equipo reporteril del diario digital EL Luchador se traslad\u00f3 hasta el paseo Orinoco la noche del s\u00e1bado y recopil\u00f3 testimonios de bolivarenses que con orgullo acudieron al lugar a ver el puente iluminado tal y como lo a\u00f1oraron por a\u00f1os.<\/p>\n<p style=\"font-weight: 400;\"><strong>Testimoniales<\/strong><\/p>\n<p style=\"font-weight: 400;\"><strong>Richard Arias:<\/strong> \u201cPrimera vez que veo que el Gobierno hace algo bonito. De verdad, qued\u00f3 hermoso\u201d.<\/p>\n<figure id=\"attachment_208804\" aria-describedby=\"caption-attachment-208804\" style=\"width: 184px\" class=\"wp-caption alignnone\"><img loading=\"lazy\" decoding=\"async\" class=\"wp-image-208804 size-full\" src=\"https:\/\/elluchador.info\/web\/wp-content\/uploads\/2022\/04\/04.jpg\" alt=\"\" width=\"184\" height=\"286\" \/><figcaption id=\"caption-attachment-208804\" class=\"wp-caption-text\">Richard Arias<\/figcaption><\/figure>\n<p style=\"font-weight: 400;\"><strong>David Barreto:<\/strong> \u201cLo bueno es que qued\u00f3 bello, perfectamente bien. Solo pido al Gobernador y al Alcalde que sigan as\u00ed, que no se olviden de Ciudad Bol\u00edvar, porque nunca hemos tenido suerte con los gobernadores porque todo siempre es para los otros municipios y ac\u00e1 nosotros en el abandono, por eso insisto en que ojal\u00e1 sigan as\u00ed y que Dios los bendiga por las cosas buenas que est\u00e1n haciendo por la ciudad\u201d.<\/p>\n<figure id=\"attachment_208805\" aria-describedby=\"caption-attachment-208805\" style=\"width: 311px\" class=\"wp-caption alignnone\"><img loading=\"lazy\" decoding=\"async\" class=\"size-full wp-image-208805\" src=\"https:\/\/elluchador.info\/web\/wp-content\/uploads\/2022\/04\/05-1.jpg\" alt=\"\" width=\"311\" height=\"238\" srcset=\"https:\/\/elluchador.info\/wp-content\/uploads\/2022\/04\/05-1.jpg 311w, https:\/\/elluchador.info\/wp-content\/uploads\/2022\/04\/05-1-300x230.jpg 300w, https:\/\/elluchador.info\/wp-content\/uploads\/2022\/04\/05-1-80x60.jpg 80w\" sizes=\"auto, (max-width: 311px) 100vw, 311px\" \/><figcaption id=\"caption-attachment-208805\" class=\"wp-caption-text\">David Barreto<\/figcaption><\/figure>\n<p style=\"font-weight: 400;\"><strong>Pedro Uzc\u00e1tegui:<\/strong> \u201cEs un avance, pero a\u00fan le falta iluminaci\u00f3n que le de m\u00e1s vida, que no se vea tan opaco, le faltan las luces del resto de la silueta. Lo importante es que se mantenga y que sea no solo por estos d\u00edas de Semana Santa que lo iluminaron. No hay nada que aplaudir porque esto deber\u00eda ser el d\u00eda a d\u00eda de un gobernante, accionar en pro de la comunidad que lo eligi\u00f3 como servidor p\u00fablico\u201d.<\/p>\n<figure id=\"attachment_208806\" aria-describedby=\"caption-attachment-208806\" style=\"width: 312px\" class=\"wp-caption alignnone\"><img loading=\"lazy\" decoding=\"async\" class=\"size-full wp-image-208806\" src=\"https:\/\/elluchador.info\/web\/wp-content\/uploads\/2022\/04\/06-1.jpg\" alt=\"\" width=\"312\" height=\"238\" srcset=\"https:\/\/elluchador.info\/wp-content\/uploads\/2022\/04\/06-1.jpg 312w, https:\/\/elluchador.info\/wp-content\/uploads\/2022\/04\/06-1-300x229.jpg 300w, https:\/\/elluchador.info\/wp-content\/uploads\/2022\/04\/06-1-80x60.jpg 80w, https:\/\/elluchador.info\/wp-content\/uploads\/2022\/04\/06-1-100x75.jpg 100w\" sizes=\"auto, (max-width: 312px) 100vw, 312px\" \/><figcaption id=\"caption-attachment-208806\" class=\"wp-caption-text\">Pedro Uzc\u00e1tegui<\/figcaption><\/figure>\n<p style=\"font-weight: 400;\"><strong>Luc\u00eda:<\/strong> \u201cEs la primera vez que veo el puente as\u00ed. Es algo muy bonito y que hoy hace del paseo Orinoco un lugar a\u00fan m\u00e1s atractivo para propios y visitantes porque ver ese puente as\u00ed iluminado es un verdadero espect\u00e1culo\u201d.<\/p>\n<p style=\"font-weight: 400;\"><strong>Yosnielis Calzadilla:<\/strong> \u201cA\u00f1os sin ver es puente as\u00ed tan bonito, es como ver un sue\u00f1o convertido en realidad, despu\u00e9s de tantas quejas sobre el puente porque estaba oscuro, abandonado, en desidia, uno ven\u00eda al paseo y pensaba o dec\u00eda: `Ojal\u00e1 iluminaran el puente`. Ahora venir y verlo as\u00ed es gratificante\u201d.<\/p>\n<p style=\"font-weight: 400;\"><strong>Hugo Morales:<\/strong> \u201cEste puente es un \u00edcono de nuestra ciudad, esperemos ahora que esto se mantenga que le den m\u00e1s iluminaci\u00f3n para que resalte, y as\u00ed como lo est\u00e1n haciendo con el puente Angostura ahora queremos que renazcan todos los sitios hist\u00f3ricos de Ciudad Bol\u00edvar porque es nuestra identidad\u201d.<\/p>\n<figure id=\"attachment_208807\" aria-describedby=\"caption-attachment-208807\" style=\"width: 321px\" class=\"wp-caption alignnone\"><img loading=\"lazy\" decoding=\"async\" class=\"size-full wp-image-208807\" src=\"https:\/\/elluchador.info\/web\/wp-content\/uploads\/2022\/04\/07.jpg\" alt=\"\" width=\"321\" height=\"261\" srcset=\"https:\/\/elluchador.info\/wp-content\/uploads\/2022\/04\/07.jpg 321w, https:\/\/elluchador.info\/wp-content\/uploads\/2022\/04\/07-300x244.jpg 300w\" sizes=\"auto, (max-width: 321px) 100vw, 321px\" \/><figcaption id=\"caption-attachment-208807\" class=\"wp-caption-text\">Yosnielis Calzadilla y Hugo Morales<\/figcaption><\/figure>\n<p><strong>Gledis Bonilla\/CNP 23.425<\/strong><\/p>\n","protected":false},"excerpt":{"rendered":"<p>***Puente Angostura se visti\u00f3 con el tricolor nacional Esta reci\u00e9n finalizada Semana Santa ha dejado en el gentilicio bolivarense el agradable sentimiento de satisfacci\u00f3n que genera recibir un regalo que se anhelaba desde hace algunos a\u00f1os. El pasado viernes por la noche Ciudad Bol\u00edvar fue gratamente sorprendida cuando de manera oficial el puente Angostura fue [&hellip;]<\/p>\n","protected":false},"author":2,"featured_media":208803,"comment_status":"closed","ping_status":"closed","sticky":false,"template":"","format":"standard","meta":{"footnotes":""},"categories":[5,12],"tags":[],"class_list":{"0":"post-208802","1":"post","2":"type-post","3":"status-publish","4":"format-standard","5":"has-post-thumbnail","7":"category-destacado","8":"category-regionales"},"_links":{"self":[{"href":"https:\/\/elluchador.info\/index.php?rest_route=\/wp\/v2\/posts\/208802","targetHints":{"allow":["GET"]}}],"collection":[{"href":"https:\/\/elluchador.info\/index.php?rest_route=\/wp\/v2\/posts"}],"about":[{"href":"https:\/\/elluchador.info\/index.php?rest_route=\/wp\/v2\/types\/post"}],"author":[{"embeddable":true,"href":"https:\/\/elluchador.info\/index.php?rest_route=\/wp\/v2\/users\/2"}],"replies":[{"embeddable":true,"href":"https:\/\/elluchador.info\/index.php?rest_route=%2Fwp%2Fv2%2Fcomments&post=208802"}],"version-history":[{"count":3,"href":"https:\/\/elluchador.info\/index.php?rest_route=\/wp\/v2\/posts\/208802\/revisions"}],"predecessor-version":[{"id":208810,"href":"https:\/\/elluchador.info\/index.php?rest_route=\/wp\/v2\/posts\/208802\/revisions\/208810"}],"wp:featuredmedia":[{"embeddable":true,"href":"https:\/\/elluchador.info\/index.php?rest_route=\/wp\/v2\/media\/208803"}],"wp:attachment":[{"href":"https:\/\/elluchador.info\/index.php?rest_route=%2Fwp%2Fv2%2Fmedia&parent=208802"}],"wp:term":[{"taxonomy":"category","embeddable":true,"href":"https:\/\/elluchador.info\/index.php?rest_route=%2Fwp%2Fv2%2Fcategories&post=208802"},{"taxonomy":"post_tag","embeddable":true,"href":"https:\/\/elluchador.info\/index.php?rest_route=%2Fwp%2Fv2%2Ftags&post=208802"}],"curies":[{"name":"wp","href":"https:\/\/api.w.org\/{rel}","templated":true}]}}