{"id":208811,"date":"2022-04-18T13:07:36","date_gmt":"2022-04-18T17:07:36","guid":{"rendered":"https:\/\/elluchador.info\/web\/?p=208811"},"modified":"2022-04-18T13:07:36","modified_gmt":"2022-04-18T17:07:36","slug":"barrio-la-lucha-tiene-una-carcava-que-traga-casas","status":"publish","type":"post","link":"https:\/\/elluchador.info\/?p=208811","title":{"rendered":"Barrio La Lucha tiene una c\u00e1rcava que traga casas"},"content":{"rendered":"<p>*** Los afectados dicen que ya no saben a qui\u00e9n dirigirse, ya que han acudido a alcald\u00eda, gobernaci\u00f3n, protecci\u00f3n civil y pare usted de contar. Son m\u00e1s de 40 familias en riesgo.<\/p>\n<p>Son m\u00e1s de siete a\u00f1os de angustia que llevan los habitantes del barrio La Lucha, espec\u00edficamente de la calle Caracol, con una c\u00e1rcava que se ha convertido en uno de los peligros m\u00e1s latente, en esa zona donde residen. Conversamos con parte de las personas m\u00e1s afectadas para conocer con precisi\u00f3n esta problem\u00e1tica.<\/p>\n<p>Gonzalo Flores: \u201cEsto ya lleva bastante tiempo, y tambi\u00e9n ya hemos hecho llamados al gobierno competente, respecto a esta situaci\u00f3n de la c\u00e1rcava. Ya la c\u00e1rcava se ha llevado una casa, y esa familia, no fue reubicada, y ahora viven arrimados. El llamado es nuevamente a los organismos competentes, al alcalde y al gobernador, esto se trata de una emergencia, ya viene la \u00e9poca de lluvia y esto se va a complicar\u201d.<\/p>\n<figure id=\"attachment_208814\" aria-describedby=\"caption-attachment-208814\" style=\"width: 608px\" class=\"wp-caption alignnone\"><img loading=\"lazy\" decoding=\"async\" class=\"size-full wp-image-208814\" src=\"https:\/\/elluchador.info\/web\/wp-content\/uploads\/2022\/04\/Semana-del-20-al-27-de-marzo.jpg\" alt=\"\" width=\"608\" height=\"1080\" srcset=\"https:\/\/elluchador.info\/wp-content\/uploads\/2022\/04\/Semana-del-20-al-27-de-marzo.jpg 608w, https:\/\/elluchador.info\/wp-content\/uploads\/2022\/04\/Semana-del-20-al-27-de-marzo-169x300.jpg 169w, https:\/\/elluchador.info\/wp-content\/uploads\/2022\/04\/Semana-del-20-al-27-de-marzo-576x1024.jpg 576w, https:\/\/elluchador.info\/wp-content\/uploads\/2022\/04\/Semana-del-20-al-27-de-marzo-236x420.jpg 236w\" sizes=\"auto, (max-width: 608px) 100vw, 608px\" \/><figcaption id=\"caption-attachment-208814\" class=\"wp-caption-text\">Gonzalo Flores: \u201cEl llamado es nuevamente a los organismos competentes, al alcalde y al gobernador\u201d. Fotos Yanitza Mart\u00ednez.<\/figcaption><\/figure>\n<p>Por su parte la se\u00f1ora Am\u00e9rica Acosta refiri\u00f3 \u201ccomo nosotros primeramente el a\u00f1o pasado llamamos a protecci\u00f3n civil, vinieron e hicieron un informe, el cual despu\u00e9s se le entreg\u00f3 a la comunidad. Posteriormente vino la gente de la gobernaci\u00f3n, realizaron un informe de la situaci\u00f3n, pero despu\u00e9s nos enteramos que era un informe ficticio, para que crey\u00e9ramos que s\u00ed nos estaban atendiendo, fue una burla, porque trajeron eso ladrillos triturados que seg\u00fan iba de relleno, y all\u00ed quedaron tirados en la calle\u201d.<\/p>\n<figure id=\"attachment_208817\" aria-describedby=\"caption-attachment-208817\" style=\"width: 608px\" class=\"wp-caption alignnone\"><img loading=\"lazy\" decoding=\"async\" class=\"size-full wp-image-208817\" src=\"https:\/\/elluchador.info\/web\/wp-content\/uploads\/2022\/04\/ff3cd35a-cf2c-4b73-aa05-02cec8e79264.jpg\" alt=\"\" width=\"608\" height=\"1080\" srcset=\"https:\/\/elluchador.info\/wp-content\/uploads\/2022\/04\/ff3cd35a-cf2c-4b73-aa05-02cec8e79264.jpg 608w, https:\/\/elluchador.info\/wp-content\/uploads\/2022\/04\/ff3cd35a-cf2c-4b73-aa05-02cec8e79264-169x300.jpg 169w, https:\/\/elluchador.info\/wp-content\/uploads\/2022\/04\/ff3cd35a-cf2c-4b73-aa05-02cec8e79264-576x1024.jpg 576w, https:\/\/elluchador.info\/wp-content\/uploads\/2022\/04\/ff3cd35a-cf2c-4b73-aa05-02cec8e79264-236x420.jpg 236w\" sizes=\"auto, (max-width: 608px) 100vw, 608px\" \/><figcaption id=\"caption-attachment-208817\" class=\"wp-caption-text\">Am\u00e9rica Acosta: \u201cVino la gente de la gobernaci\u00f3n, realizaron un informe de la situaci\u00f3n, pero despu\u00e9s nos enteramos que era un informe ficticio\u201d.<\/figcaption><\/figure>\n<p>Isabel P\u00e9rez: \u201cEl problema con la c\u00e1rcava no es solo que se nos va a llevar las casas, sino la contaminaci\u00f3n que tambi\u00e9n se est\u00e1 dando, a ra\u00edz de esto. Ya que por ac\u00e1 no hay aguas negras, cada qui\u00e9n tiene su pozo s\u00e9ptico, y todo los pozos est\u00e1n con cara a esta calle, no s\u00e9 d\u00f3nde est\u00e1n los responsables que ayuden a resolver esta problem\u00e1tica, porque la persona que qued\u00f3 sin casa jam\u00e1s la reubicaron\u201d.<\/p>\n<figure id=\"attachment_208818\" aria-describedby=\"caption-attachment-208818\" style=\"width: 608px\" class=\"wp-caption alignnone\"><img loading=\"lazy\" decoding=\"async\" class=\"size-full wp-image-208818\" src=\"https:\/\/elluchador.info\/web\/wp-content\/uploads\/2022\/04\/4bc8ab3a-5dec-4101-bc51-f03dc9134f99.jpg\" alt=\"\" width=\"608\" height=\"1080\" srcset=\"https:\/\/elluchador.info\/wp-content\/uploads\/2022\/04\/4bc8ab3a-5dec-4101-bc51-f03dc9134f99.jpg 608w, https:\/\/elluchador.info\/wp-content\/uploads\/2022\/04\/4bc8ab3a-5dec-4101-bc51-f03dc9134f99-169x300.jpg 169w, https:\/\/elluchador.info\/wp-content\/uploads\/2022\/04\/4bc8ab3a-5dec-4101-bc51-f03dc9134f99-576x1024.jpg 576w, https:\/\/elluchador.info\/wp-content\/uploads\/2022\/04\/4bc8ab3a-5dec-4101-bc51-f03dc9134f99-236x420.jpg 236w\" sizes=\"auto, (max-width: 608px) 100vw, 608px\" \/><figcaption id=\"caption-attachment-208818\" class=\"wp-caption-text\">Isabel P\u00e9rez: \u201cNo s\u00e9 d\u00f3nde est\u00e1n los responsables que ayuden a resolver esta problem\u00e1tica\u201d.<\/figcaption><\/figure>\n<p>Dani Salazar, como representante del consejo comunal de la comunidad, manifest\u00f3: \u201dSoy del consejo comunal de finanza, nosotros tenemos ya tiempo haciendo llamado y se hacen de la vista gorda. Hemos hecho protesta en la Avenida Espa\u00f1a, y de all\u00ed fue que un funcionario de la polic\u00eda nos mand\u00f3 hablar con protecci\u00f3n civil y ellos vinieron e hicieron un censo, luego de la alcald\u00eda nos mandaron dos pailover peque\u00f1ito para que nos calm\u00e1ramos y luego de tres d\u00edas se los llevaron. En septiembre se intent\u00f3 conversar con el Alcalde que pas\u00f3 por aqu\u00ed y quiso escabullirse, lo agarraron para explicarle tambi\u00e9n la situaci\u00f3n de la escuela del cual se comprometi\u00f3 con los docente y a\u00fan lo est\u00e1n esperando\u00bb.<\/p>\n<figure id=\"attachment_208815\" aria-describedby=\"caption-attachment-208815\" style=\"width: 608px\" class=\"wp-caption alignnone\"><img loading=\"lazy\" decoding=\"async\" class=\"size-full wp-image-208815\" src=\"https:\/\/elluchador.info\/web\/wp-content\/uploads\/2022\/04\/529a5da2-7d76-4be8-914c-83f9642852ab.jpg\" alt=\"\" width=\"608\" height=\"1080\" srcset=\"https:\/\/elluchador.info\/wp-content\/uploads\/2022\/04\/529a5da2-7d76-4be8-914c-83f9642852ab.jpg 608w, https:\/\/elluchador.info\/wp-content\/uploads\/2022\/04\/529a5da2-7d76-4be8-914c-83f9642852ab-169x300.jpg 169w, https:\/\/elluchador.info\/wp-content\/uploads\/2022\/04\/529a5da2-7d76-4be8-914c-83f9642852ab-576x1024.jpg 576w, https:\/\/elluchador.info\/wp-content\/uploads\/2022\/04\/529a5da2-7d76-4be8-914c-83f9642852ab-236x420.jpg 236w\" sizes=\"auto, (max-width: 608px) 100vw, 608px\" \/><figcaption id=\"caption-attachment-208815\" class=\"wp-caption-text\">Dani Salazar: \u201c La Familia Colmenares, Flores y otros m\u00e1s est\u00e1n muy cerca a la c\u00e1rcava, y la situaci\u00f3n les alerta que est\u00e1n en peligro.<\/figcaption><\/figure>\n<p>Keila Tovar, est\u00e1 al pie de c\u00e1rcava y esto refiri\u00f3 \u201cEstoy muy preocupada y afectada, por m\u00ed y mis ni\u00f1os y tambi\u00e9n tengo un t\u00edo discapacitado. Ya que tengo ese \u00e1rbol cerca, y si la c\u00e1rcava cede por all\u00ed, el \u00e1rbol puede caer encima de la casa, o si se derrumba de este otro lado, se lleva la casa. El llamado es para los entes competentes, somos muchas familias en riesgo, si ahorita es verano y hay lluvia, imag\u00ednate en el propio invierno, esto nos va afectar m\u00e1s\u201d.<\/p>\n<figure id=\"attachment_208816\" aria-describedby=\"caption-attachment-208816\" style=\"width: 608px\" class=\"wp-caption alignnone\"><img loading=\"lazy\" decoding=\"async\" class=\"size-full wp-image-208816\" src=\"https:\/\/elluchador.info\/web\/wp-content\/uploads\/2022\/04\/301c9c8e-7755-4a3a-bb3e-c8a68e7f115e.jpg\" alt=\"\" width=\"608\" height=\"1080\" srcset=\"https:\/\/elluchador.info\/wp-content\/uploads\/2022\/04\/301c9c8e-7755-4a3a-bb3e-c8a68e7f115e.jpg 608w, https:\/\/elluchador.info\/wp-content\/uploads\/2022\/04\/301c9c8e-7755-4a3a-bb3e-c8a68e7f115e-169x300.jpg 169w, https:\/\/elluchador.info\/wp-content\/uploads\/2022\/04\/301c9c8e-7755-4a3a-bb3e-c8a68e7f115e-576x1024.jpg 576w, https:\/\/elluchador.info\/wp-content\/uploads\/2022\/04\/301c9c8e-7755-4a3a-bb3e-c8a68e7f115e-236x420.jpg 236w\" sizes=\"auto, (max-width: 608px) 100vw, 608px\" \/><figcaption id=\"caption-attachment-208816\" class=\"wp-caption-text\">Keila Tovar: \u201cSon m\u00e1s de 40 familias que estamos preocupados, que no tenemos a donde ir\u201d.<\/figcaption><\/figure>\n<p><strong>Problemas adicionales<\/strong><\/p>\n<p>No es solo lo de la c\u00e1rcava en el sector, tambi\u00e9n est\u00e1 la situaci\u00f3n de la escuela con las palomas, y por la gran cantidad de estas aves, el excremento de las mismas tambi\u00e9n representa un peligro para los que hacen vida en el recinto educativo.<br \/>\nPor otro lado, se conoci\u00f3 que el aseo urbano es otro problema que est\u00e1 afectando a toda la comunidad de La Lucha, perteneciente a la parroquia La Sabanita, municipio Angostura del Orinoco, estado Bol\u00edvar.<\/p>\n<figure id=\"attachment_208813\" aria-describedby=\"caption-attachment-208813\" style=\"width: 1080px\" class=\"wp-caption alignnone\"><img loading=\"lazy\" decoding=\"async\" class=\"wp-image-208813 size-full\" src=\"https:\/\/elluchador.info\/web\/wp-content\/uploads\/2022\/04\/Foto-de-Yanitza-Martinez.jpg\" alt=\"\" width=\"1080\" height=\"608\" srcset=\"https:\/\/elluchador.info\/wp-content\/uploads\/2022\/04\/Foto-de-Yanitza-Martinez.jpg 1080w, https:\/\/elluchador.info\/wp-content\/uploads\/2022\/04\/Foto-de-Yanitza-Martinez-300x169.jpg 300w, https:\/\/elluchador.info\/wp-content\/uploads\/2022\/04\/Foto-de-Yanitza-Martinez-1024x576.jpg 1024w, https:\/\/elluchador.info\/wp-content\/uploads\/2022\/04\/Foto-de-Yanitza-Martinez-768x432.jpg 768w, https:\/\/elluchador.info\/wp-content\/uploads\/2022\/04\/Foto-de-Yanitza-Martinez-746x420.jpg 746w, https:\/\/elluchador.info\/wp-content\/uploads\/2022\/04\/Foto-de-Yanitza-Martinez-640x360.jpg 640w, https:\/\/elluchador.info\/wp-content\/uploads\/2022\/04\/Foto-de-Yanitza-Martinez-681x383.jpg 681w\" sizes=\"auto, (max-width: 1080px) 100vw, 1080px\" \/><figcaption id=\"caption-attachment-208813\" class=\"wp-caption-text\">Con la llegada de las lluvias se puede terminar de derrumbar un tramo de la calle Caracol, y quedar\u00edan incomunicados.<\/figcaption><\/figure>\n<p><strong>Yanitza Mart\u00ednez \u2013 CNP 19.403<\/strong><\/p>\n","protected":false},"excerpt":{"rendered":"<p>*** Los afectados dicen que ya no saben a qui\u00e9n dirigirse, ya que han acudido a alcald\u00eda, gobernaci\u00f3n, protecci\u00f3n civil y pare usted de contar. Son m\u00e1s de 40 familias en riesgo. Son m\u00e1s de siete a\u00f1os de angustia que llevan los habitantes del barrio La Lucha, espec\u00edficamente de la calle Caracol, con una c\u00e1rcava [&hellip;]<\/p>\n","protected":false},"author":2,"featured_media":208812,"comment_status":"closed","ping_status":"closed","sticky":false,"template":"","format":"standard","meta":{"footnotes":""},"categories":[5,12],"tags":[],"class_list":{"0":"post-208811","1":"post","2":"type-post","3":"status-publish","4":"format-standard","5":"has-post-thumbnail","7":"category-destacado","8":"category-regionales"},"_links":{"self":[{"href":"https:\/\/elluchador.info\/index.php?rest_route=\/wp\/v2\/posts\/208811","targetHints":{"allow":["GET"]}}],"collection":[{"href":"https:\/\/elluchador.info\/index.php?rest_route=\/wp\/v2\/posts"}],"about":[{"href":"https:\/\/elluchador.info\/index.php?rest_route=\/wp\/v2\/types\/post"}],"author":[{"embeddable":true,"href":"https:\/\/elluchador.info\/index.php?rest_route=\/wp\/v2\/users\/2"}],"replies":[{"embeddable":true,"href":"https:\/\/elluchador.info\/index.php?rest_route=%2Fwp%2Fv2%2Fcomments&post=208811"}],"version-history":[{"count":1,"href":"https:\/\/elluchador.info\/index.php?rest_route=\/wp\/v2\/posts\/208811\/revisions"}],"predecessor-version":[{"id":208819,"href":"https:\/\/elluchador.info\/index.php?rest_route=\/wp\/v2\/posts\/208811\/revisions\/208819"}],"wp:featuredmedia":[{"embeddable":true,"href":"https:\/\/elluchador.info\/index.php?rest_route=\/wp\/v2\/media\/208812"}],"wp:attachment":[{"href":"https:\/\/elluchador.info\/index.php?rest_route=%2Fwp%2Fv2%2Fmedia&parent=208811"}],"wp:term":[{"taxonomy":"category","embeddable":true,"href":"https:\/\/elluchador.info\/index.php?rest_route=%2Fwp%2Fv2%2Fcategories&post=208811"},{"taxonomy":"post_tag","embeddable":true,"href":"https:\/\/elluchador.info\/index.php?rest_route=%2Fwp%2Fv2%2Ftags&post=208811"}],"curies":[{"name":"wp","href":"https:\/\/api.w.org\/{rel}","templated":true}]}}