{"id":208947,"date":"2022-04-19T15:43:39","date_gmt":"2022-04-19T19:43:39","guid":{"rendered":"https:\/\/elluchador.info\/web\/?p=208947"},"modified":"2022-04-19T15:43:39","modified_gmt":"2022-04-19T19:43:39","slug":"sudafrica-se-declara-en-estado-de-emergencia-por-inundaciones","status":"publish","type":"post","link":"https:\/\/elluchador.info\/?p=208947","title":{"rendered":"Sud\u00e1frica se declara en estado de emergencia por inundaciones"},"content":{"rendered":"<p>Las Fuerzas de Defensa Nacional de Sud\u00e1frica, se\u00f1alaron que los militares se ocupar\u00e1n de levantar alojamientos temporales para los afectados y prestar\u00e1n apoyo a los equipos m\u00e9dicos en el \u00e1rea. Tambi\u00e9n se encargar\u00e1n de prever agua potable y el apoyo t\u00e9cnico para restablecer la electricidad.<\/p>\n<p>\u00abEste desastre humanitario pide un esfuerzo de asistencia urgente y masivo. Las vidas, la salud y el bienestar de miles de personas a\u00fan est\u00e1n en riesgo\u00bb, comunic\u00f3 el mandatario a trav\u00e9s de un mensaje televisado, debido a que las inundaciones han causado un gran da\u00f1o social y econ\u00f3mico.<\/p>\n<p>\u00abEsta noche somos una naci\u00f3n unida en nuestro dolor. Somos una naci\u00f3n unida en nuestra determinaci\u00f3n de asistir a los que han perdido sus hogares y posesiones, a los que est\u00e1n en desesperada necesidad de comida, agua y refugio\u00bb, afirm\u00f3 Ramaphosa. Las zonas m\u00e1s afectadas fueron las rurales cuyas casas fueron arrasadas casi completamente, por deslaves y el agua.<\/p>\n<p>Los registros oficiales m\u00e1s recientes, cifran 443 muertes y 63 desaparecidos. La cantidad de personas afectadas ronda las 40.000 y varios hogares fueron desvastados, mientras que otros 83.000 est\u00e1n parcialmente destruidos.<\/p>\n<p>WTC Radio<\/p>\n","protected":false},"excerpt":{"rendered":"<p>Las Fuerzas de Defensa Nacional de Sud\u00e1frica, se\u00f1alaron que los militares se ocupar\u00e1n de levantar alojamientos temporales para los afectados y prestar\u00e1n apoyo a los equipos m\u00e9dicos en el \u00e1rea. Tambi\u00e9n se encargar\u00e1n de prever agua potable y el apoyo t\u00e9cnico para restablecer la electricidad. \u00abEste desastre humanitario pide un esfuerzo de asistencia urgente y [&hellip;]<\/p>\n","protected":false},"author":2,"featured_media":208948,"comment_status":"closed","ping_status":"closed","sticky":false,"template":"","format":"standard","meta":{"footnotes":""},"categories":[8],"tags":[996,997,995,994],"class_list":{"0":"post-208947","1":"post","2":"type-post","3":"status-publish","4":"format-standard","5":"has-post-thumbnail","7":"category-internacionales","8":"tag-deslaves","9":"tag-estado-de-desastre","10":"tag-inundaciones","11":"tag-sudafrica"},"_links":{"self":[{"href":"https:\/\/elluchador.info\/index.php?rest_route=\/wp\/v2\/posts\/208947","targetHints":{"allow":["GET"]}}],"collection":[{"href":"https:\/\/elluchador.info\/index.php?rest_route=\/wp\/v2\/posts"}],"about":[{"href":"https:\/\/elluchador.info\/index.php?rest_route=\/wp\/v2\/types\/post"}],"author":[{"embeddable":true,"href":"https:\/\/elluchador.info\/index.php?rest_route=\/wp\/v2\/users\/2"}],"replies":[{"embeddable":true,"href":"https:\/\/elluchador.info\/index.php?rest_route=%2Fwp%2Fv2%2Fcomments&post=208947"}],"version-history":[{"count":1,"href":"https:\/\/elluchador.info\/index.php?rest_route=\/wp\/v2\/posts\/208947\/revisions"}],"predecessor-version":[{"id":208949,"href":"https:\/\/elluchador.info\/index.php?rest_route=\/wp\/v2\/posts\/208947\/revisions\/208949"}],"wp:featuredmedia":[{"embeddable":true,"href":"https:\/\/elluchador.info\/index.php?rest_route=\/wp\/v2\/media\/208948"}],"wp:attachment":[{"href":"https:\/\/elluchador.info\/index.php?rest_route=%2Fwp%2Fv2%2Fmedia&parent=208947"}],"wp:term":[{"taxonomy":"category","embeddable":true,"href":"https:\/\/elluchador.info\/index.php?rest_route=%2Fwp%2Fv2%2Fcategories&post=208947"},{"taxonomy":"post_tag","embeddable":true,"href":"https:\/\/elluchador.info\/index.php?rest_route=%2Fwp%2Fv2%2Ftags&post=208947"}],"curies":[{"name":"wp","href":"https:\/\/api.w.org\/{rel}","templated":true}]}}