{"id":208955,"date":"2022-04-19T16:03:04","date_gmt":"2022-04-19T20:03:04","guid":{"rendered":"https:\/\/elluchador.info\/web\/?p=208955"},"modified":"2022-04-19T16:03:04","modified_gmt":"2022-04-19T20:03:04","slug":"abogados-solicitan-referendo-sobre-cambio-de-simbolos-de-caracas","status":"publish","type":"post","link":"https:\/\/elluchador.info\/?p=208955","title":{"rendered":"Abogados solicitan referendo sobre cambio de s\u00edmbolos de Caracas"},"content":{"rendered":"<p>Lo que ocurri\u00f3 ahora es que un d\u00eda se discuti\u00f3 la ordenanza y al siguiente se dio la ni siquiera fue consultada la\u00a0<strong>Academia de la Historia<\/strong>\u00a0para que se produjera una decisi\u00f3n, que indudablemente afecta a todos los\u00a0<strong>caraque\u00f1os<\/strong>, dijo el doctor Ecarri.<\/p>\n<p>Un equipo de abogados est\u00e1 elaborando un\u00a0<strong>documento<\/strong>, mediante el cual se solicitar\u00e1 al\u00a0<strong>Consejo Nacional Electoral\u00a0<\/strong>realizar un<strong>\u00a0referendo consultivo<\/strong>\u00a0sobre la decisi\u00f3n de la almiranta Carmen Mel\u00e9ndez de cambiarle los signos a Caracas.<\/p>\n<p>As\u00ed lo ha anunciado el doctor\u00a0<strong>Antonio Ecarri,<\/strong>\u00a0m\u00e1ximo dirigente de\u00a0<strong>Alianza del L\u00e1piz<\/strong>, quien declar\u00f3 que la identidad de los caraque\u00f1os est\u00e1 por encima de las leyes y decisiones que se puedan tomar.<\/p>\n<p>Esos s\u00edmbolos que se han arrebatado fueron el reconocimiento que hizo la corona espa\u00f1ola a la petici\u00f3n de\u00a0<strong>Sim\u00f3n Bol\u00edvar\u00a0<\/strong>el joven, antecesor de\u00a0<strong>Sim\u00f3n Bol\u00edvar el libertador<\/strong>, hace 400 a\u00f1os.<\/p>\n<p><strong>Sim\u00f3n Bol\u00edvar\u00a0<\/strong>el joven fue el quinto abuelo del libertador y fue enviado a\u00a0<strong>Espa\u00f1a<\/strong>\u00a0por el ayuntamiento de\u00a0<strong>Caracas<\/strong>, junto con otras personas notables, en el\u00a0<strong>a\u00f1o 1591<\/strong>, a solicitar de la corona que se le diera un escudo de armas a Caracas.<\/p>\n<p>El escudo que lleva el le\u00f3n por ser la denominaci\u00f3n de la capital venezolana\u00a0<strong>Santiago\u00a0de Le\u00f3n de Caracas<\/strong>, evoca tambi\u00e9n el nombre del\u00a0<strong>ap\u00f3stol Santiago.<\/strong><\/p>\n<p>A ning\u00fan gobierno se le hab\u00eda ocurrido modificar el escudo caraque\u00f1o y por eso hemos considerado pertinente que se le consulte a la poblaci\u00f3n si est\u00e1 o no de acuerdo con lo que ha hecho este poder municipal.<\/p>\n<p>El himno fue el resultado de un concurso p\u00fablico hecho por el concejo y lo gan\u00f3 un m\u00fasico de origen italiano de la banda marcial de<strong>\u00a0Caracas<\/strong>\u00a0y el compositor<strong>\u00a0Jos\u00e9 Enrique Sanabria<\/strong>, la letra.\u00a0El jurado fue muy calificado musicalmente hablando. Y la bandera de Caracas tiene el color del\u00a0<strong>vinotinto<\/strong>.<\/p>\n<p>El Impulso<\/p>\n","protected":false},"excerpt":{"rendered":"<p>Lo que ocurri\u00f3 ahora es que un d\u00eda se discuti\u00f3 la ordenanza y al siguiente se dio la ni siquiera fue consultada la\u00a0Academia de la Historia\u00a0para que se produjera una decisi\u00f3n, que indudablemente afecta a todos los\u00a0caraque\u00f1os, dijo el doctor Ecarri. Un equipo de abogados est\u00e1 elaborando un\u00a0documento, mediante el cual se solicitar\u00e1 al\u00a0Consejo Nacional [&hellip;]<\/p>\n","protected":false},"author":2,"featured_media":208956,"comment_status":"closed","ping_status":"closed","sticky":false,"template":"","format":"standard","meta":{"footnotes":""},"categories":[5,9],"tags":[614,1004],"class_list":{"0":"post-208955","1":"post","2":"type-post","3":"status-publish","4":"format-standard","5":"has-post-thumbnail","7":"category-destacado","8":"category-nacionales","9":"tag-caracas","10":"tag-referendos"},"_links":{"self":[{"href":"https:\/\/elluchador.info\/index.php?rest_route=\/wp\/v2\/posts\/208955","targetHints":{"allow":["GET"]}}],"collection":[{"href":"https:\/\/elluchador.info\/index.php?rest_route=\/wp\/v2\/posts"}],"about":[{"href":"https:\/\/elluchador.info\/index.php?rest_route=\/wp\/v2\/types\/post"}],"author":[{"embeddable":true,"href":"https:\/\/elluchador.info\/index.php?rest_route=\/wp\/v2\/users\/2"}],"replies":[{"embeddable":true,"href":"https:\/\/elluchador.info\/index.php?rest_route=%2Fwp%2Fv2%2Fcomments&post=208955"}],"version-history":[{"count":1,"href":"https:\/\/elluchador.info\/index.php?rest_route=\/wp\/v2\/posts\/208955\/revisions"}],"predecessor-version":[{"id":208957,"href":"https:\/\/elluchador.info\/index.php?rest_route=\/wp\/v2\/posts\/208955\/revisions\/208957"}],"wp:featuredmedia":[{"embeddable":true,"href":"https:\/\/elluchador.info\/index.php?rest_route=\/wp\/v2\/media\/208956"}],"wp:attachment":[{"href":"https:\/\/elluchador.info\/index.php?rest_route=%2Fwp%2Fv2%2Fmedia&parent=208955"}],"wp:term":[{"taxonomy":"category","embeddable":true,"href":"https:\/\/elluchador.info\/index.php?rest_route=%2Fwp%2Fv2%2Fcategories&post=208955"},{"taxonomy":"post_tag","embeddable":true,"href":"https:\/\/elluchador.info\/index.php?rest_route=%2Fwp%2Fv2%2Ftags&post=208955"}],"curies":[{"name":"wp","href":"https:\/\/api.w.org\/{rel}","templated":true}]}}