{"id":208966,"date":"2022-04-20T09:27:41","date_gmt":"2022-04-20T13:27:41","guid":{"rendered":"https:\/\/elluchador.info\/web\/?p=208966"},"modified":"2022-04-20T09:27:41","modified_gmt":"2022-04-20T13:27:41","slug":"lanzan-proyecto-de-integracion-sostenible-para-migrantes-venezolanos-en-colombia","status":"publish","type":"post","link":"https:\/\/elluchador.info\/?p=208966","title":{"rendered":"Lanzan proyecto de integraci\u00f3n sostenible para migrantes venezolanos en Colombia"},"content":{"rendered":"<p>Iv\u00e1n Duque, presidente de Colombia, encabez\u00f3 el martes el lanzamiento del proyecto Integra, de la Agencia de Estados Unidos para el Desarrollo Internacional (Usaid, por sus siglas en ingl\u00e9s), que tiene como objetivo mejorar la condici\u00f3n de los migrantes en ese pa\u00eds.<\/p>\n<p>En el\u00a0<a href=\"https:\/\/twitter.com\/Presidencia_VE\/status\/1516508798034272256\">acto<\/a>, que tuvo lugar en la Casa de Nari\u00f1o, tambi\u00e9n estuvo presente el embajador de Estados Unidos en Colombia, Philip Goldberg; el director de Migraci\u00f3n Colombia, Juan Francisco Espinosa; el gerente de Fronteras, Lucas G\u00f3mez, el director de Usaid en Colombia, Larry Sacks, entre otros.<\/p>\n<p>El proyecto Integra busca crear una nueva pol\u00edtica para la gesti\u00f3n migratoria en Colombia, en la que se permita una integraci\u00f3n sostenible y se refleje en oportunidades para la\u00a0<a href=\"https:\/\/elnacional.oneye.us\/venezuela\/migrantes-venezolanos-en-condicion-de-discapacidad-no-reciben-apoyo-en-cucuta\/\" target=\"_blank\" rel=\"noopener noreferrer\">poblaci\u00f3n migrante<\/a>\u00a0y retornada desde Venezuela.<\/p>\n<p>Tambi\u00e9n se pretende ofrecer mejor garant\u00eda de derechos y beneficios para todas las personas migrantes, comunidades de acogida y el pa\u00eds en general.<\/p>\n<p>La iniciativa trabaja para fortalecer a nivel nacional y local las capacidades institucionales y la cohesi\u00f3n social.<\/p>\n<p>Se realizar\u00e1n acciones en localidades de nueve departamentos del pa\u00eds: Riohacha (La Guajira), Santa Marta (Magdalena); Cartagena (Bol\u00edvar); Barranquilla y Soledad (Atl\u00e1ntico); C\u00facuta, Villa del Rosario y Los Patios (Norte de Santander); Bucaramanga (Santander); Medell\u00edn, Itag\u00fc\u00ed, Envigado y Bello (Antioquia); Cali (Valle del Cauca), y Bogot\u00e1 y Soacha (Cundinamarca).<\/p>\n<p>Con esta acci\u00f3n se emplear\u00e1n medidas para mejorar la gesti\u00f3n fronteriza en Colombia, as\u00ed como fortalecer la capacidad de los gobiernos territoriales para proveer acceso de la poblaci\u00f3n migrante a servicios sociales de calidad.<\/p>\n<p>Tambi\u00e9n trabajar\u00e1n para reducir la xenofobia hacia las personas migrantes, en \u00e1reas espec\u00edficas, mediante el fortalecimiento de la cohesi\u00f3n social.<\/p>\n<p>Colombia es el pa\u00eds con mayor cantidad de migrantes y refugiados venezolanos: 2 millones de ciudadanos han ido a ese pa\u00eds en busca de oportunidades y mejor futuro para sus familias.<\/p>\n<p>https:\/\/twitter.com\/Presidencia_VE\/status\/1516508798034272256?ref_src=twsrc%5Etfw%7Ctwcamp%5Etweetembed%7Ctwterm%5E1516508798034272256%7Ctwgr%5E%7Ctwcon%5Es1_c10&#038;ref_url=https%3A%2F%2Felnacional.oneye.us%2Fvenezuela%2Flanzan-proyecto-de-integracion-sostenible-para-migrantes-venezolanos-en-colombia%2F<\/p>\n<p><strong>El Nacional<\/strong><\/p>\n","protected":false},"excerpt":{"rendered":"<p>Iv\u00e1n Duque, presidente de Colombia, encabez\u00f3 el martes el lanzamiento del proyecto Integra, de la Agencia de Estados Unidos para el Desarrollo Internacional (Usaid, por sus siglas en ingl\u00e9s), que tiene como objetivo mejorar la condici\u00f3n de los migrantes en ese pa\u00eds. En el\u00a0acto, que tuvo lugar en la Casa de Nari\u00f1o, tambi\u00e9n estuvo presente [&hellip;]<\/p>\n","protected":false},"author":2,"featured_media":208967,"comment_status":"closed","ping_status":"closed","sticky":false,"template":"","format":"standard","meta":{"footnotes":""},"categories":[5,8],"tags":[],"class_list":{"0":"post-208966","1":"post","2":"type-post","3":"status-publish","4":"format-standard","5":"has-post-thumbnail","7":"category-destacado","8":"category-internacionales"},"_links":{"self":[{"href":"https:\/\/elluchador.info\/index.php?rest_route=\/wp\/v2\/posts\/208966","targetHints":{"allow":["GET"]}}],"collection":[{"href":"https:\/\/elluchador.info\/index.php?rest_route=\/wp\/v2\/posts"}],"about":[{"href":"https:\/\/elluchador.info\/index.php?rest_route=\/wp\/v2\/types\/post"}],"author":[{"embeddable":true,"href":"https:\/\/elluchador.info\/index.php?rest_route=\/wp\/v2\/users\/2"}],"replies":[{"embeddable":true,"href":"https:\/\/elluchador.info\/index.php?rest_route=%2Fwp%2Fv2%2Fcomments&post=208966"}],"version-history":[{"count":1,"href":"https:\/\/elluchador.info\/index.php?rest_route=\/wp\/v2\/posts\/208966\/revisions"}],"predecessor-version":[{"id":208968,"href":"https:\/\/elluchador.info\/index.php?rest_route=\/wp\/v2\/posts\/208966\/revisions\/208968"}],"wp:featuredmedia":[{"embeddable":true,"href":"https:\/\/elluchador.info\/index.php?rest_route=\/wp\/v2\/media\/208967"}],"wp:attachment":[{"href":"https:\/\/elluchador.info\/index.php?rest_route=%2Fwp%2Fv2%2Fmedia&parent=208966"}],"wp:term":[{"taxonomy":"category","embeddable":true,"href":"https:\/\/elluchador.info\/index.php?rest_route=%2Fwp%2Fv2%2Fcategories&post=208966"},{"taxonomy":"post_tag","embeddable":true,"href":"https:\/\/elluchador.info\/index.php?rest_route=%2Fwp%2Fv2%2Ftags&post=208966"}],"curies":[{"name":"wp","href":"https:\/\/api.w.org\/{rel}","templated":true}]}}