{"id":208990,"date":"2022-04-20T15:34:41","date_gmt":"2022-04-20T19:34:41","guid":{"rendered":"https:\/\/elluchador.info\/web\/?p=208990"},"modified":"2022-04-20T15:34:41","modified_gmt":"2022-04-20T19:34:41","slug":"espana-elimina-uso-obligatorio-de-mascarillas-en-espacios-cerrados","status":"publish","type":"post","link":"https:\/\/elluchador.info\/?p=208990","title":{"rendered":"Espa\u00f1a elimina uso obligatorio de mascarillas en espacios cerrados"},"content":{"rendered":"<p>El barbijo se mantiene en todas formas de transporte p\u00fablico, aunque no en estaciones o aeropuertos.<\/p>\n<p>Espa\u00f1a dio un paso m\u00e1s hacia la normalidad al retirar la obligatoriedad de usar mascarilla en la mayor\u00eda de los espacios cerrados\u00a0m\u00e1s de dos a\u00f1os despu\u00e9s del inicio de la pandemia del coronavirus.<\/p>\n<p>El decreto del gobierno, aprobado el martes,\u00a0mantiene el uso obligatorio del cubrebocas para quienes visiten o trabajen en centros de salud y residencias de mayores, aunque los pacientes no siempre estar\u00e1n obligados a hacerlo.<\/p>\n<p>Por el momento segu\u00eda sin estar claro el impacto que tendr\u00e1 la norma en centros de trabajo como oficinas, tanto p\u00fablicas como privadas, bancos, f\u00e1bricas y tiendas, ya que\u00a0el ejecutivo permite que sean las empresas las que decidan sobre su uso\u00a0si consideran que hay un riesgo para la salud.<\/p>\n<p>A su vez, se recomienda, aunque no es obligatorio, su uso en eventos multitudinarios, zonas muy concurridas o ante la presencia de personas vulnerables.\u00a0<strong>Las escuelas tambi\u00e9n quedan exentas<\/strong>.<\/p>\n<p>La mascarilla se convirti\u00f3 en una pieza de uso obligatorio tanto en espacios cerrados como al aire libre al inicio de la pandemia del COVID-19 en Espa\u00f1a, a principios de 2020.<\/p>\n<p><strong>A mediados de 2021, se elimin\u00f3 en espacios al aire libre<\/strong>, pero se reinstaur\u00f3 entre diciembre y febrero debido a un importante repunte de los casos motivado por la variante \u00f3micron del coronavirus, m\u00e1s contagiosa que sus predecesoras.<\/p>\n<p>\u201cLa mascarilla, sin duda alguna, ha sido una de las medidas m\u00e1s identificable a lo largo de estos dos a\u00f1os y dejar\u00e1 de ser obligatoria\u201d, se\u00f1al\u00f3 la ministra de Salud, Carolina Darias, el martes. \u201cSeguir\u00e1n entre nosotros y nosotras como un elemento de protecci\u00f3n, especialmente para las personas vulnerables\u201d.<\/p>\n<p>Con\u00a0m\u00e1s del 92% de la poblaci\u00f3n mayor de 12 a\u00f1os con al menos dos dosis de la vacuna\u00a0y tras la ca\u00edda constante del n\u00famero de contagios y decesos en los \u00faltimos meses, Espa\u00f1a ha eliminado tambi\u00e9n la cuarentena obligatoria para las personas infectadas asintom\u00e1ticas o con s\u00edntomas leves.<\/p>\n<p>El Impulso<\/p>\n","protected":false},"excerpt":{"rendered":"<p>El barbijo se mantiene en todas formas de transporte p\u00fablico, aunque no en estaciones o aeropuertos. Espa\u00f1a dio un paso m\u00e1s hacia la normalidad al retirar la obligatoriedad de usar mascarilla en la mayor\u00eda de los espacios cerrados\u00a0m\u00e1s de dos a\u00f1os despu\u00e9s del inicio de la pandemia del coronavirus. El decreto del gobierno, aprobado el [&hellip;]<\/p>\n","protected":false},"author":2,"featured_media":0,"comment_status":"closed","ping_status":"closed","sticky":false,"template":"","format":"standard","meta":{"footnotes":""},"categories":[5,8],"tags":[317,592,1016,1015,579,1017],"class_list":{"0":"post-208990","1":"post","2":"type-post","3":"status-publish","4":"format-standard","6":"category-destacado","7":"category-internacionales","9":"tag-espana","10":"tag-levantamiento","11":"tag-mascarillas","12":"tag-pandemia","13":"tag-sitios-cerrados"},"_links":{"self":[{"href":"https:\/\/elluchador.info\/index.php?rest_route=\/wp\/v2\/posts\/208990","targetHints":{"allow":["GET"]}}],"collection":[{"href":"https:\/\/elluchador.info\/index.php?rest_route=\/wp\/v2\/posts"}],"about":[{"href":"https:\/\/elluchador.info\/index.php?rest_route=\/wp\/v2\/types\/post"}],"author":[{"embeddable":true,"href":"https:\/\/elluchador.info\/index.php?rest_route=\/wp\/v2\/users\/2"}],"replies":[{"embeddable":true,"href":"https:\/\/elluchador.info\/index.php?rest_route=%2Fwp%2Fv2%2Fcomments&post=208990"}],"version-history":[{"count":1,"href":"https:\/\/elluchador.info\/index.php?rest_route=\/wp\/v2\/posts\/208990\/revisions"}],"predecessor-version":[{"id":208991,"href":"https:\/\/elluchador.info\/index.php?rest_route=\/wp\/v2\/posts\/208990\/revisions\/208991"}],"wp:attachment":[{"href":"https:\/\/elluchador.info\/index.php?rest_route=%2Fwp%2Fv2%2Fmedia&parent=208990"}],"wp:term":[{"taxonomy":"category","embeddable":true,"href":"https:\/\/elluchador.info\/index.php?rest_route=%2Fwp%2Fv2%2Fcategories&post=208990"},{"taxonomy":"post_tag","embeddable":true,"href":"https:\/\/elluchador.info\/index.php?rest_route=%2Fwp%2Fv2%2Ftags&post=208990"}],"curies":[{"name":"wp","href":"https:\/\/api.w.org\/{rel}","templated":true}]}}