{"id":208992,"date":"2022-04-20T15:40:27","date_gmt":"2022-04-20T19:40:27","guid":{"rendered":"https:\/\/elluchador.info\/web\/?p=208992"},"modified":"2022-04-20T15:40:27","modified_gmt":"2022-04-20T19:40:27","slug":"beato-jose-gregorio-hernandez-recibira-el-titulo-de-doctor-magnifico-por-la-ucsar","status":"publish","type":"post","link":"https:\/\/elluchador.info\/?p=208992","title":{"rendered":"Beato Jos\u00e9 Gregorio Hern\u00e1ndez recibir\u00e1 el titulo de \u00abDoctor Magn\u00edfico\u00bb por la Ucsar"},"content":{"rendered":"<p>El\u00a0viernes 30 de abril de 2021\u00a0el\u00a0<strong>doctor Jos\u00e9 Gregorio Hern\u00e1ndez<\/strong>\u00a0se convirti\u00f3 en el cuarto beato venezolano<\/p>\n<p>La Universidad Cat\u00f3lica Santa Rosa (Ucsar) tiene previsto conceder el grado de \u00abDoctor Magn\u00edfico\u00bb al\u00a0<strong>beato Jos\u00e9 Gregorio Hern\u00e1ndez\u00a0<\/strong>el viernes 22 de abril tras casi dos a\u00f1os de haberse aprobado la propuesta, hecha por el Administrador Apost\u00f3lico de la Arquidi\u00f3cesis de Caracas, cardenal Baltazar Porras, por parte del Consejo Universitario de esa casa de estudios.<\/p>\n<p>Seg\u00fan las\u00a0redes sociales\u00a0de la Ucsar, se aprob\u00f3 el pasado 24 de junio de 2020 en el Consejo Universitario de la instituci\u00f3n el concederle el t\u00edtulo al que tambi\u00e9n fue conocido como el\u00a0<strong>\u00abSiervo de Dios\u00bb.<\/strong>\u00a0Sin embargo, desde hace dos a\u00f1os se ha estado postergando la realizaci\u00f3n del acto; presumiblemente por la pandemia.<\/p>\n<p>El Impulso<\/p>\n","protected":false},"excerpt":{"rendered":"<p>El\u00a0viernes 30 de abril de 2021\u00a0el\u00a0doctor Jos\u00e9 Gregorio Hern\u00e1ndez\u00a0se convirti\u00f3 en el cuarto beato venezolano La Universidad Cat\u00f3lica Santa Rosa (Ucsar) tiene previsto conceder el grado de \u00abDoctor Magn\u00edfico\u00bb al\u00a0beato Jos\u00e9 Gregorio Hern\u00e1ndez\u00a0el viernes 22 de abril tras casi dos a\u00f1os de haberse aprobado la propuesta, hecha por el Administrador Apost\u00f3lico de la Arquidi\u00f3cesis de [&hellip;]<\/p>\n","protected":false},"author":2,"featured_media":208994,"comment_status":"closed","ping_status":"closed","sticky":false,"template":"","format":"standard","meta":{"footnotes":""},"categories":[5,9],"tags":[1018,1020,1019,1021],"class_list":{"0":"post-208992","1":"post","2":"type-post","3":"status-publish","4":"format-standard","5":"has-post-thumbnail","7":"category-destacado","8":"category-nacionales","9":"tag-beato","10":"tag-doctor-magnifico","11":"tag-jose-gregorio-hernandez","12":"tag-ucsar"},"_links":{"self":[{"href":"https:\/\/elluchador.info\/index.php?rest_route=\/wp\/v2\/posts\/208992","targetHints":{"allow":["GET"]}}],"collection":[{"href":"https:\/\/elluchador.info\/index.php?rest_route=\/wp\/v2\/posts"}],"about":[{"href":"https:\/\/elluchador.info\/index.php?rest_route=\/wp\/v2\/types\/post"}],"author":[{"embeddable":true,"href":"https:\/\/elluchador.info\/index.php?rest_route=\/wp\/v2\/users\/2"}],"replies":[{"embeddable":true,"href":"https:\/\/elluchador.info\/index.php?rest_route=%2Fwp%2Fv2%2Fcomments&post=208992"}],"version-history":[{"count":3,"href":"https:\/\/elluchador.info\/index.php?rest_route=\/wp\/v2\/posts\/208992\/revisions"}],"predecessor-version":[{"id":208996,"href":"https:\/\/elluchador.info\/index.php?rest_route=\/wp\/v2\/posts\/208992\/revisions\/208996"}],"wp:featuredmedia":[{"embeddable":true,"href":"https:\/\/elluchador.info\/index.php?rest_route=\/wp\/v2\/media\/208994"}],"wp:attachment":[{"href":"https:\/\/elluchador.info\/index.php?rest_route=%2Fwp%2Fv2%2Fmedia&parent=208992"}],"wp:term":[{"taxonomy":"category","embeddable":true,"href":"https:\/\/elluchador.info\/index.php?rest_route=%2Fwp%2Fv2%2Fcategories&post=208992"},{"taxonomy":"post_tag","embeddable":true,"href":"https:\/\/elluchador.info\/index.php?rest_route=%2Fwp%2Fv2%2Ftags&post=208992"}],"curies":[{"name":"wp","href":"https:\/\/api.w.org\/{rel}","templated":true}]}}