{"id":209001,"date":"2022-04-20T16:00:16","date_gmt":"2022-04-20T20:00:16","guid":{"rendered":"https:\/\/elluchador.info\/web\/?p=209001"},"modified":"2022-04-20T16:00:16","modified_gmt":"2022-04-20T20:00:16","slug":"retornan-273-venezolanos-desde-peru-con-plan-vuelta-a-la-patria","status":"publish","type":"post","link":"https:\/\/elluchador.info\/?p=209001","title":{"rendered":"Retornan 273 venezolanos desde Per\u00fa con Plan Vuelta a la Patria"},"content":{"rendered":"<p>\u00abEn nombre del presidente Nicol\u00e1s Maduro, recibimos con los brazos abiertos a 273 connacionales provenientes de Per\u00fa, quienes gracias a una nueva jornada del Plan Vuelta a la Patria retornan al pa\u00eds, para sumarse a una nueva etapa de crecimiento junto a sus familiares\u00bb, escribi\u00f3 el ministro en su cuenta de Twitter.<\/p>\n<p>El canciller, F\u00e9lix Plasencia, inform\u00f3 este mi\u00e9rcoles que 273 venezolanos regresaron al pa\u00eds desde Per\u00fa con el programa \u00abPlan Vuelta a la Patria\u00bb, puesto en marcha en septiembre de 2018 para facilitar el retorno de migrantes.<\/p>\n<p>En una nota de prensa, la Canciller\u00eda detall\u00f3 que, con la nueva llegada de migrantes, suman\u00a0<strong>\u00ab774 venezolanos repatriados en los tres vuelos Lima-Caracas que ha dispuesto (la estatal) Conviasa en lo que va de 2022\u00bb.<\/strong><\/p>\n<p>Los repatriados iban a bordo del avi\u00f3n Airbus 340-600 de la aerol\u00ednea estatal, que sali\u00f3 ayer hacia Per\u00fa con una tripulaci\u00f3n integrada por 13 personas, acompa\u00f1adas por un \u00abequipo multidisciplinario\u00bb del Ministerio de Relaciones Exteriores.<\/p>\n<p>La c\u00f3nsul de Venezuela en Lima, Vivian Alvarado, indic\u00f3 que desde que inici\u00f3 el programa,\u00a0<strong>un total de 7.618 personas retornaron al pa\u00eds desde Per\u00fa \u00abmediante esta importante iniciativa\u00bb.<\/strong><\/p>\n<p>Uni\u00f3n Radio<\/p>\n","protected":false},"excerpt":{"rendered":"<p>\u00abEn nombre del presidente Nicol\u00e1s Maduro, recibimos con los brazos abiertos a 273 connacionales provenientes de Per\u00fa, quienes gracias a una nueva jornada del Plan Vuelta a la Patria retornan al pa\u00eds, para sumarse a una nueva etapa de crecimiento junto a sus familiares\u00bb, escribi\u00f3 el ministro en su cuenta de Twitter. El canciller, F\u00e9lix [&hellip;]<\/p>\n","protected":false},"author":2,"featured_media":209002,"comment_status":"closed","ping_status":"closed","sticky":false,"template":"","format":"standard","meta":{"footnotes":""},"categories":[5,9],"tags":[1027,1024,1025,1026,105],"class_list":{"0":"post-209001","1":"post","2":"type-post","3":"status-publish","4":"format-standard","5":"has-post-thumbnail","7":"category-destacado","8":"category-nacionales","9":"tag-connacionales","10":"tag-consul","11":"tag-lima","12":"tag-repatriados","13":"tag-venezuela"},"_links":{"self":[{"href":"https:\/\/elluchador.info\/index.php?rest_route=\/wp\/v2\/posts\/209001","targetHints":{"allow":["GET"]}}],"collection":[{"href":"https:\/\/elluchador.info\/index.php?rest_route=\/wp\/v2\/posts"}],"about":[{"href":"https:\/\/elluchador.info\/index.php?rest_route=\/wp\/v2\/types\/post"}],"author":[{"embeddable":true,"href":"https:\/\/elluchador.info\/index.php?rest_route=\/wp\/v2\/users\/2"}],"replies":[{"embeddable":true,"href":"https:\/\/elluchador.info\/index.php?rest_route=%2Fwp%2Fv2%2Fcomments&post=209001"}],"version-history":[{"count":2,"href":"https:\/\/elluchador.info\/index.php?rest_route=\/wp\/v2\/posts\/209001\/revisions"}],"predecessor-version":[{"id":209004,"href":"https:\/\/elluchador.info\/index.php?rest_route=\/wp\/v2\/posts\/209001\/revisions\/209004"}],"wp:featuredmedia":[{"embeddable":true,"href":"https:\/\/elluchador.info\/index.php?rest_route=\/wp\/v2\/media\/209002"}],"wp:attachment":[{"href":"https:\/\/elluchador.info\/index.php?rest_route=%2Fwp%2Fv2%2Fmedia&parent=209001"}],"wp:term":[{"taxonomy":"category","embeddable":true,"href":"https:\/\/elluchador.info\/index.php?rest_route=%2Fwp%2Fv2%2Fcategories&post=209001"},{"taxonomy":"post_tag","embeddable":true,"href":"https:\/\/elluchador.info\/index.php?rest_route=%2Fwp%2Fv2%2Ftags&post=209001"}],"curies":[{"name":"wp","href":"https:\/\/api.w.org\/{rel}","templated":true}]}}