{"id":209023,"date":"2022-04-21T14:47:33","date_gmt":"2022-04-21T18:47:33","guid":{"rendered":"https:\/\/elluchador.info\/web\/?p=209023"},"modified":"2022-04-21T14:47:33","modified_gmt":"2022-04-21T18:47:33","slug":"congreso-nacional-de-servicios-publicos-es-para-el-29-de-abril","status":"publish","type":"post","link":"https:\/\/elluchador.info\/?p=209023","title":{"rendered":"Congreso Nacional de Servicios P\u00fablicos es para el 29 de abril"},"content":{"rendered":"<p style=\"font-weight: 400;\">En el marco de la iniciativa tomada por el ciudadano Gobernador para el Estado Bol\u00edvar \u00a0\u00c1ngel Marcano pr\u00f3ximo a la\u00a0realizaci\u00f3n del Congreso Nacional de Servicios P\u00fablicos el 29 de abril en el municipio Angostura del Orinoco.<\/p>\n<p style=\"font-weight: 400;\">El profesor universitario Dr. Marcel Doubront refiri\u00f3 que si bien da fe de la seriedad y el compromiso en la reuni\u00f3n para afinar los detalles del referido evento por parte del equipo de la Gobernaci\u00f3n del Estado Bol\u00edvar encabezado por el Ciudadano Gobernador \u00c1ngel Marcano y la Secretaria General de Gobierno Economista Ovani Aguirre, la concientizaci\u00f3n y la responsabilidad social no puede pasar desapercibida.<\/p>\n<p style=\"font-weight: 400;\">En los puntos de la agenda del Congreso destacando adem\u00e1s; \u201csi bien este encuentro tuvo como puntos espec\u00edficos para la elaboraci\u00f3n de diferentes proyectos que ser\u00e1n expuestos en el Congreso Nacional de los Servicios P\u00fablicos, la intenci\u00f3n transformacional no puede dejar de lado a la corresponsabilidad ciudadana mantener y preservar los servicios p\u00fablicos\u201d dijo Doubront.<\/p>\n<p style=\"font-weight: 400;\">De la misma manera, Doubront recalc\u00f3 que el gobierno nacional forma parte de los pa\u00edses que aprobaron la agenda 2015-2030 de naciones Unidas para el desarrollo sostenible el cual seg\u00fan el educador, aunque en ella se abordan aspiraciones desde el punto de vista socioecon\u00f3mico del cual Venezuela enfrentando sanciones y la pandemia no descansa en la reivindicaci\u00f3n social del pueblo.<\/p>\n<p style=\"font-weight: 400;\">\u00abTambi\u00e9n hay metas desde el punto de vista ambiental es importante hacer referencia que aunque dentro de los 17 objetivos de desarrollo sostenible de la agenda 2015-2030 hay grandes aspiraciones como el fin de la pobreza, hambre cero, salud y bienestar donde el gobierno Bolivariano\u00bb.<\/p>\n<p style=\"font-weight: 400;\">\u00abSeguimos enfrentando las m\u00e1s voraces medidas coercitivas por parte del Gobierno de Estados Unidos, no descansa mediante sus programas sociales en asumirlos sin embargo tambi\u00e9n en esta agenda agua limpia y saneamiento,\u00a0 energ\u00eda accesible y no contaminante, acci\u00f3n por el clima, entre otras que inciden significativamente en los servicios p\u00fablicos, por lo cual, dichos proyectos derivados al transporte, acceso a la energ\u00eda, recursos h\u00eddricos deben hacer una simbiosis entre la preservaci\u00f3n de nuestro ambiente, as\u00ed como el cumplimiento de las ordenanzas, leyes regionales y nacionales, que rigen la actuaci\u00f3n ciudadana para garantizar los servicios de una manera sostenida\u201d<\/p>\n<p>MAD<\/p>\n","protected":false},"excerpt":{"rendered":"<p>En el marco de la iniciativa tomada por el ciudadano Gobernador para el Estado Bol\u00edvar \u00a0\u00c1ngel Marcano pr\u00f3ximo a la\u00a0realizaci\u00f3n del Congreso Nacional de Servicios P\u00fablicos el 29 de abril en el municipio Angostura del Orinoco. El profesor universitario Dr. Marcel Doubront refiri\u00f3 que si bien da fe de la seriedad y el compromiso en [&hellip;]<\/p>\n","protected":false},"author":2,"featured_media":209024,"comment_status":"closed","ping_status":"closed","sticky":false,"template":"","format":"standard","meta":{"footnotes":""},"categories":[5,12],"tags":[],"class_list":{"0":"post-209023","1":"post","2":"type-post","3":"status-publish","4":"format-standard","5":"has-post-thumbnail","7":"category-destacado","8":"category-regionales"},"_links":{"self":[{"href":"https:\/\/elluchador.info\/index.php?rest_route=\/wp\/v2\/posts\/209023","targetHints":{"allow":["GET"]}}],"collection":[{"href":"https:\/\/elluchador.info\/index.php?rest_route=\/wp\/v2\/posts"}],"about":[{"href":"https:\/\/elluchador.info\/index.php?rest_route=\/wp\/v2\/types\/post"}],"author":[{"embeddable":true,"href":"https:\/\/elluchador.info\/index.php?rest_route=\/wp\/v2\/users\/2"}],"replies":[{"embeddable":true,"href":"https:\/\/elluchador.info\/index.php?rest_route=%2Fwp%2Fv2%2Fcomments&post=209023"}],"version-history":[{"count":1,"href":"https:\/\/elluchador.info\/index.php?rest_route=\/wp\/v2\/posts\/209023\/revisions"}],"predecessor-version":[{"id":209025,"href":"https:\/\/elluchador.info\/index.php?rest_route=\/wp\/v2\/posts\/209023\/revisions\/209025"}],"wp:featuredmedia":[{"embeddable":true,"href":"https:\/\/elluchador.info\/index.php?rest_route=\/wp\/v2\/media\/209024"}],"wp:attachment":[{"href":"https:\/\/elluchador.info\/index.php?rest_route=%2Fwp%2Fv2%2Fmedia&parent=209023"}],"wp:term":[{"taxonomy":"category","embeddable":true,"href":"https:\/\/elluchador.info\/index.php?rest_route=%2Fwp%2Fv2%2Fcategories&post=209023"},{"taxonomy":"post_tag","embeddable":true,"href":"https:\/\/elluchador.info\/index.php?rest_route=%2Fwp%2Fv2%2Ftags&post=209023"}],"curies":[{"name":"wp","href":"https:\/\/api.w.org\/{rel}","templated":true}]}}