{"id":209026,"date":"2022-04-21T14:49:33","date_gmt":"2022-04-21T18:49:33","guid":{"rendered":"https:\/\/elluchador.info\/web\/?p=209026"},"modified":"2022-04-21T14:49:33","modified_gmt":"2022-04-21T18:49:33","slug":"femicida-cumplira-30-anos-de-prision-en-la-carcel-de-el-dorado","status":"publish","type":"post","link":"https:\/\/elluchador.info\/?p=209026","title":{"rendered":"Femicida cumplir\u00e1 30 a\u00f1os de prisi\u00f3n en la c\u00e1rcel de El Dorado"},"content":{"rendered":"<p>El Tribunal de Juicio en materia de Violencia Contra La Mujer de Tumeremo declar\u00f3 culpable a Robert Ter\u00e1n por el delito de femicidio agravado contra la ciudadana Giannelly Esther Pirrongelli Pumiaca (23) y orden\u00f3 la pena m\u00e1xima.<\/p>\n<p>Ter\u00e1n permanecer\u00e1 30 a\u00f1os tras las rejas del Centro Penitenciario de Oriente conocido popularmente como la c\u00e1rcel de El Dorado.<\/p>\n<p>La sentencia condenatoria se dio a conocer durante la audiencia conclusiva de la fase de juicio que se llev\u00f3 a cabo este mi\u00e9rcoles 20 de abril.<\/p>\n<p>Giannelly Pirrongelli muri\u00f3 a finales del mes septiembre de 2020 a consecuencia de una hipoxia severa por asfixia mec\u00e1nica, seg\u00fan lo declarado en reiteradas veces por los familiares.<\/p>\n<p>La joven ten\u00eda 23 a\u00f1os, era madre de un ni\u00f1o de 2 a\u00f1os (en ese entonces) y al momento de su asesinato contaba con 8 meses de gestaci\u00f3n.<\/p>\n<p>Dolientes durante el tiempo que dur\u00f3 el juicio denunciaron en instancias nacionales irregularidades que se presentaron en el trascurso de la fase oral.<\/p>\n<p>Sus voces se hicieron escuchar, luego que el Ministerio P\u00fablico solicitar\u00e1 al tribunal de la causa la pena m\u00e1xima.<\/p>\n<p>EDG<\/p>\n","protected":false},"excerpt":{"rendered":"<p>El Tribunal de Juicio en materia de Violencia Contra La Mujer de Tumeremo declar\u00f3 culpable a Robert Ter\u00e1n por el delito de femicidio agravado contra la ciudadana Giannelly Esther Pirrongelli Pumiaca (23) y orden\u00f3 la pena m\u00e1xima. Ter\u00e1n permanecer\u00e1 30 a\u00f1os tras las rejas del Centro Penitenciario de Oriente conocido popularmente como la c\u00e1rcel de [&hellip;]<\/p>\n","protected":false},"author":2,"featured_media":134539,"comment_status":"closed","ping_status":"closed","sticky":false,"template":"","format":"standard","meta":{"footnotes":""},"categories":[5,13],"tags":[],"class_list":{"0":"post-209026","1":"post","2":"type-post","3":"status-publish","4":"format-standard","5":"has-post-thumbnail","7":"category-destacado","8":"category-sucesos"},"_links":{"self":[{"href":"https:\/\/elluchador.info\/index.php?rest_route=\/wp\/v2\/posts\/209026","targetHints":{"allow":["GET"]}}],"collection":[{"href":"https:\/\/elluchador.info\/index.php?rest_route=\/wp\/v2\/posts"}],"about":[{"href":"https:\/\/elluchador.info\/index.php?rest_route=\/wp\/v2\/types\/post"}],"author":[{"embeddable":true,"href":"https:\/\/elluchador.info\/index.php?rest_route=\/wp\/v2\/users\/2"}],"replies":[{"embeddable":true,"href":"https:\/\/elluchador.info\/index.php?rest_route=%2Fwp%2Fv2%2Fcomments&post=209026"}],"version-history":[{"count":1,"href":"https:\/\/elluchador.info\/index.php?rest_route=\/wp\/v2\/posts\/209026\/revisions"}],"predecessor-version":[{"id":209027,"href":"https:\/\/elluchador.info\/index.php?rest_route=\/wp\/v2\/posts\/209026\/revisions\/209027"}],"wp:featuredmedia":[{"embeddable":true,"href":"https:\/\/elluchador.info\/index.php?rest_route=\/wp\/v2\/media\/134539"}],"wp:attachment":[{"href":"https:\/\/elluchador.info\/index.php?rest_route=%2Fwp%2Fv2%2Fmedia&parent=209026"}],"wp:term":[{"taxonomy":"category","embeddable":true,"href":"https:\/\/elluchador.info\/index.php?rest_route=%2Fwp%2Fv2%2Fcategories&post=209026"},{"taxonomy":"post_tag","embeddable":true,"href":"https:\/\/elluchador.info\/index.php?rest_route=%2Fwp%2Fv2%2Ftags&post=209026"}],"curies":[{"name":"wp","href":"https:\/\/api.w.org\/{rel}","templated":true}]}}