{"id":209045,"date":"2022-04-21T15:26:08","date_gmt":"2022-04-21T19:26:08","guid":{"rendered":"https:\/\/elluchador.info\/web\/?p=209045"},"modified":"2022-04-21T15:26:08","modified_gmt":"2022-04-21T19:26:08","slug":"venezolana-dirigira-partidos-en-la-eurocopa-femenina","status":"publish","type":"post","link":"https:\/\/elluchador.info\/?p=209045","title":{"rendered":"Venezolana dirigir\u00e1 partidos en la Eurocopa femenina"},"content":{"rendered":"<p><strong>La venezolana Emikar Calderas Barrera<\/strong>\u00a0junto a sus asistentes formar\u00e1n parte de la terna arbitral de la<strong>\u00a0Eurocopa femenina de Inglaterra<\/strong>, el cual se va desarrollar del 6 al 31 de julio de este a\u00f1o.<\/p>\n<p>Esta designaci\u00f3n de la venezolana de 32 a\u00f1os forma parte de la organizaci\u00f3n de la UEFA al considerar a\u00a0<strong>la criolla como la principal representante de la Confederaci\u00f3n Suramericana de F\u00fatbol (Conmebol)<\/strong>\u00a0para dirigir partidos en la Eurocopa femenina, que se disputar\u00e1 en Inglaterra.<\/p>\n<p>\u201c<strong>Agradecida con Dios y mi Divina Pastora, a mis padres que son mi mayor orgullo<\/strong>, a mis hijos que son motivo de inspiraci\u00f3n, a los entes FVF, Conmebol, FIFA y UEFA por esta gran formaci\u00f3n arbitral y a todos los que creen en este sue\u00f1o\u201d, expres\u00f3 Calderas en sus redes sociales.<\/p>\n<p><strong>Calderas Barrera estar\u00e1 acompa\u00f1ada de la otra venezolana Migdalia Rodr\u00edguez<\/strong>\u00a0quien tambi\u00e9n fue seleccionada como asistente y de la colombiana Mary Blanco, tambi\u00e9n asistente.<\/p>\n<p>Su designaci\u00f3n se enmarca dentro del programa de intercambio del\u00a0<strong>acuerdo de cooperaci\u00f3n entre la UEFA y la Conmebol<\/strong>. Un equipo arbitral europeo a\u00fan no definido dirigir\u00e1 en la Copa Am\u00e9rica femenina de Colombia.<\/p>\n<p>El italiano Roberto Rosetti, jefe de \u00e1rbitros de la UEFA, explic\u00f3 que han tenido que tomar \u00ab<strong>algunas decisiones dif\u00edciles sobre los \u00e1rbitros que ir\u00e1n a la Eurocopa Femenina<\/strong>, porque ahora tenemos un grupo creciente de oficiales de alto calibre entre los que elegir\u00bb.<\/p>\n<p>Cabe destacar que la criolla\u00a0<strong>ser\u00e1 una de las 13 \u00e1rbitras principales de la Eurocopa femenina<\/strong>, que se disputar\u00e1 entre el 6 y el 31 de julio en el Reino Unido.<\/p>\n<figure class=\"wp-block-embed is-type-rich is-provider-twitter wp-block-embed-twitter\">\n<div class=\"wp-block-embed__wrapper\"><\/div>\n<\/figure>\n","protected":false},"excerpt":{"rendered":"<p>La venezolana Emikar Calderas Barrera\u00a0junto a sus asistentes formar\u00e1n parte de la terna arbitral de la\u00a0Eurocopa femenina de Inglaterra, el cual se va desarrollar del 6 al 31 de julio de este a\u00f1o. Esta designaci\u00f3n de la venezolana de 32 a\u00f1os forma parte de la organizaci\u00f3n de la UEFA al considerar a\u00a0la criolla como la [&hellip;]<\/p>\n","protected":false},"author":2,"featured_media":209046,"comment_status":"closed","ping_status":"closed","sticky":false,"template":"","format":"standard","meta":{"footnotes":""},"categories":[4,5],"tags":[1040,1041,40,1042,1043,105],"class_list":{"0":"post-209045","1":"post","2":"type-post","3":"status-publish","4":"format-standard","5":"has-post-thumbnail","7":"category-deportes","8":"category-destacado","9":"tag-arbitra","10":"tag-eurocopa","11":"tag-futbol","12":"tag-larense","13":"tag-venezolana","14":"tag-venezuela"},"_links":{"self":[{"href":"https:\/\/elluchador.info\/index.php?rest_route=\/wp\/v2\/posts\/209045","targetHints":{"allow":["GET"]}}],"collection":[{"href":"https:\/\/elluchador.info\/index.php?rest_route=\/wp\/v2\/posts"}],"about":[{"href":"https:\/\/elluchador.info\/index.php?rest_route=\/wp\/v2\/types\/post"}],"author":[{"embeddable":true,"href":"https:\/\/elluchador.info\/index.php?rest_route=\/wp\/v2\/users\/2"}],"replies":[{"embeddable":true,"href":"https:\/\/elluchador.info\/index.php?rest_route=%2Fwp%2Fv2%2Fcomments&post=209045"}],"version-history":[{"count":1,"href":"https:\/\/elluchador.info\/index.php?rest_route=\/wp\/v2\/posts\/209045\/revisions"}],"predecessor-version":[{"id":209047,"href":"https:\/\/elluchador.info\/index.php?rest_route=\/wp\/v2\/posts\/209045\/revisions\/209047"}],"wp:featuredmedia":[{"embeddable":true,"href":"https:\/\/elluchador.info\/index.php?rest_route=\/wp\/v2\/media\/209046"}],"wp:attachment":[{"href":"https:\/\/elluchador.info\/index.php?rest_route=%2Fwp%2Fv2%2Fmedia&parent=209045"}],"wp:term":[{"taxonomy":"category","embeddable":true,"href":"https:\/\/elluchador.info\/index.php?rest_route=%2Fwp%2Fv2%2Fcategories&post=209045"},{"taxonomy":"post_tag","embeddable":true,"href":"https:\/\/elluchador.info\/index.php?rest_route=%2Fwp%2Fv2%2Ftags&post=209045"}],"curies":[{"name":"wp","href":"https:\/\/api.w.org\/{rel}","templated":true}]}}