{"id":209048,"date":"2022-04-21T15:30:13","date_gmt":"2022-04-21T19:30:13","guid":{"rendered":"https:\/\/elluchador.info\/web\/?p=209048"},"modified":"2022-04-21T15:30:48","modified_gmt":"2022-04-21T19:30:48","slug":"aerolinea-tap-air-portugal-reinicia-sus-vuelos-desde-venezuela","status":"publish","type":"post","link":"https:\/\/elluchador.info\/?p=209048","title":{"rendered":"Aerol\u00ednea TAP Air Portugal reinicia sus vuelos desde Venezuela"},"content":{"rendered":"<p>El presidente del Instituto Nacional de Aeron\u00e1utica Civil de Venezuela (INAC)\u00a0<strong>Juan Teixeira\u00a0<\/strong>inform\u00f3 que a partir de este jueves la l\u00ednea a\u00e9rea\u00a0<strong>TAP Air Portugal\u00a0<\/strong>reinicia sus vuelos entre Caracas y Lisboa.<\/p>\n<p>La aerol\u00ednea tendr\u00e1 operaciones tambi\u00e9n los d\u00edas\u00a0<strong>5 de mayo y 16 de mayo\u00a0<\/strong>la ruta<strong>\u00a0Lisboa- Maiquet\u00eda-Lisboa<\/strong>.<\/p>\n<p>La ruta contar\u00e1 con 2 frecuencias semanales.<\/p>\n<blockquote class=\"twitter-tweet\" data-width=\"550\" data-dnt=\"true\">\n<p lang=\"es\" dir=\"ltr\">En efecto, ma\u00f1ana <a href=\"https:\/\/twitter.com\/hashtag\/21Abr?src=hash&amp;ref_src=twsrc%5Etfw\">#21Abr<\/a> la l\u00ednea a\u00e9rea <a href=\"https:\/\/twitter.com\/tapairportugal?ref_src=twsrc%5Etfw\">@tapairportugal<\/a> reinicia sus vuelos de transporte de pasajeros para de nuevo conectar a Caracas y Lisboa. <a href=\"https:\/\/twitter.com\/hashtag\/VenezuelaRumboAlConsejoOACI?src=hash&amp;ref_src=twsrc%5Etfw\">#VenezuelaRumboAlConsejoOACI<\/a> <a href=\"https:\/\/t.co\/ikpzESxKZj\">https:\/\/t.co\/ikpzESxKZj<\/a><\/p>\n<p>&mdash; Juan Teixeira D\u00edaz (@JuanTeixeiraD) <a href=\"https:\/\/twitter.com\/JuanTeixeiraD\/status\/1516967393674805253?ref_src=twsrc%5Etfw\">April 21, 2022<\/a><\/p><\/blockquote>\n<p><script async src=\"https:\/\/platform.twitter.com\/widgets.js\" charset=\"utf-8\"><\/script><\/p>\n<p>Uni\u00f3n Radio<\/p>\n","protected":false},"excerpt":{"rendered":"<p>El presidente del Instituto Nacional de Aeron\u00e1utica Civil de Venezuela (INAC)\u00a0Juan Teixeira\u00a0inform\u00f3 que a partir de este jueves la l\u00ednea a\u00e9rea\u00a0TAP Air Portugal\u00a0reinicia sus vuelos entre Caracas y Lisboa. La aerol\u00ednea tendr\u00e1 operaciones tambi\u00e9n los d\u00edas\u00a05 de mayo y 16 de mayo\u00a0la ruta\u00a0Lisboa- Maiquet\u00eda-Lisboa. La ruta contar\u00e1 con 2 frecuencias semanales. En efecto, ma\u00f1ana #21Abr [&hellip;]<\/p>\n","protected":false},"author":2,"featured_media":209050,"comment_status":"closed","ping_status":"closed","sticky":false,"template":"","format":"standard","meta":{"footnotes":""},"categories":[5,8],"tags":[],"class_list":{"0":"post-209048","1":"post","2":"type-post","3":"status-publish","4":"format-standard","5":"has-post-thumbnail","7":"category-destacado","8":"category-internacionales"},"_links":{"self":[{"href":"https:\/\/elluchador.info\/index.php?rest_route=\/wp\/v2\/posts\/209048","targetHints":{"allow":["GET"]}}],"collection":[{"href":"https:\/\/elluchador.info\/index.php?rest_route=\/wp\/v2\/posts"}],"about":[{"href":"https:\/\/elluchador.info\/index.php?rest_route=\/wp\/v2\/types\/post"}],"author":[{"embeddable":true,"href":"https:\/\/elluchador.info\/index.php?rest_route=\/wp\/v2\/users\/2"}],"replies":[{"embeddable":true,"href":"https:\/\/elluchador.info\/index.php?rest_route=%2Fwp%2Fv2%2Fcomments&post=209048"}],"version-history":[{"count":2,"href":"https:\/\/elluchador.info\/index.php?rest_route=\/wp\/v2\/posts\/209048\/revisions"}],"predecessor-version":[{"id":209081,"href":"https:\/\/elluchador.info\/index.php?rest_route=\/wp\/v2\/posts\/209048\/revisions\/209081"}],"wp:featuredmedia":[{"embeddable":true,"href":"https:\/\/elluchador.info\/index.php?rest_route=\/wp\/v2\/media\/209050"}],"wp:attachment":[{"href":"https:\/\/elluchador.info\/index.php?rest_route=%2Fwp%2Fv2%2Fmedia&parent=209048"}],"wp:term":[{"taxonomy":"category","embeddable":true,"href":"https:\/\/elluchador.info\/index.php?rest_route=%2Fwp%2Fv2%2Fcategories&post=209048"},{"taxonomy":"post_tag","embeddable":true,"href":"https:\/\/elluchador.info\/index.php?rest_route=%2Fwp%2Fv2%2Ftags&post=209048"}],"curies":[{"name":"wp","href":"https:\/\/api.w.org\/{rel}","templated":true}]}}