{"id":209057,"date":"2022-04-21T15:54:02","date_gmt":"2022-04-21T19:54:02","guid":{"rendered":"https:\/\/elluchador.info\/web\/?p=209057"},"modified":"2022-04-21T15:54:02","modified_gmt":"2022-04-21T19:54:02","slug":"cpi-desestimo-solicitud-de-aplazamiento-de-investigacion-del-gobierno-de-nicolas-maduro","status":"publish","type":"post","link":"https:\/\/elluchador.info\/?p=209057","title":{"rendered":"CPI desestim\u00f3 solicitud de aplazamiento de investigaci\u00f3n del Gobierno de Nicol\u00e1s Maduro"},"content":{"rendered":"<p>El fiscal general de Venezuela, Tarek William Saab, asegur\u00f3 que en la naci\u00f3n \u201cno hace falta\u201d una investigaci\u00f3n por parte de la CPI.<\/p>\n<p>La\u00a0Corte Penal Internacional\u00a0(CPI) desestim\u00f3 este jueves\u00a0la solicitud de la Administraci\u00f3n de Nicol\u00e1s Maduro de aplazar su investigaci\u00f3n\u00a0por lo que solicitar\u00e1 a las v\u00edctimas de presuntos cr\u00edmenes de lesa humanidad o sus representantes legales que formulen sus observaciones.<\/p>\n<p>En un comunicado compartido en redes sociales, el fiscal Karim Khan dijo a los jueces de la Sala de Asuntos Preliminares I del Tribunal de La Haya que se ha tratado de \u201cmantener un di\u00e1logo significativo con Venezuela, en l\u00ednea con el principio de complementariedad, durante el examen preliminar y m\u00e1s all\u00e1\u201d.<\/p>\n<p>El documento se\u00f1ala que el Gobierno venezolano no adjunt\u00f3 ning\u00fan material de respaldo en su solicitud de aplazamiento y \u201cse refiere a los nueve informes que hab\u00eda presentado previamente a la Fiscal\u00eda desde 2020\u201c.<\/p>\n<p>La Fiscal\u00eda venezolana dio a conocer a las autoridades su entendimiento de que una evaluaci\u00f3n debe hacerse sobre la \u201cbase de los hechos tal y como est\u00e1n actualmente\u201d.<\/p>\n<p>Y a\u00f1adi\u00f3: \u201cLa evaluaci\u00f3n de la complementariedad de la Fiscal\u00eda no puede ser prospectiva y especulativa sobre la base de hechos que pueden ocurrir en el futuro\u201d.<\/p>\n<p>El pasado mes de marzo el fiscal Karim Khan inform\u00f3 que la Corte Penal Internacional abrir\u00eda una oficina en la ciudad de Caracas luego de un acuerdo con el Gobierno de Nicol\u00e1s Maduro.<\/p>\n<p>\u201cHemos tenido intercambios constructivos.\u00a0<strong>Hemos acordado que mi Fiscal\u00eda podr\u00e1 abrir una oficina en Caracas.<\/strong>\u00a0Es un paso importante y significativo para cumplir con el Estatuto de Roma.\u00a0<strong>Acordamos reuniones de trabajo entre miembros t\u00e9cnicos de mi oficina y grupo de su Gobierno\u00a0<\/strong>y logramos un consenso, ya que, la Fiscal\u00eda podr\u00e1 trabajar con organizaciones internacionales en el pa\u00eds\u201d, expres\u00f3 en aquella oportunidad.<\/p>\n<p>\u201cSinceramente,\u00a0<strong>no hace falta que investigue la Corte Penal Internacional y lo vamos a demostrar.<\/strong>\u00a0Lo hemos venido demostrando, nos hemos ido reuniendo, se han firmado los memor\u00e1ndum, pero en la pr\u00e1ctica lo vamos a demostrar\u201d, dijo el funcionario durante su presentaci\u00f3n de su memoria y cuenta ante la Asamblea Nacional (AN).<\/p>\n<p>Sumarium.com<\/p>\n","protected":false},"excerpt":{"rendered":"<p>El fiscal general de Venezuela, Tarek William Saab, asegur\u00f3 que en la naci\u00f3n \u201cno hace falta\u201d una investigaci\u00f3n por parte de la CPI. La\u00a0Corte Penal Internacional\u00a0(CPI) desestim\u00f3 este jueves\u00a0la solicitud de la Administraci\u00f3n de Nicol\u00e1s Maduro de aplazar su investigaci\u00f3n\u00a0por lo que solicitar\u00e1 a las v\u00edctimas de presuntos cr\u00edmenes de lesa humanidad o sus representantes [&hellip;]<\/p>\n","protected":false},"author":2,"featured_media":209058,"comment_status":"closed","ping_status":"closed","sticky":false,"template":"","format":"standard","meta":{"footnotes":""},"categories":[5,8],"tags":[],"class_list":{"0":"post-209057","1":"post","2":"type-post","3":"status-publish","4":"format-standard","5":"has-post-thumbnail","7":"category-destacado","8":"category-internacionales"},"_links":{"self":[{"href":"https:\/\/elluchador.info\/index.php?rest_route=\/wp\/v2\/posts\/209057","targetHints":{"allow":["GET"]}}],"collection":[{"href":"https:\/\/elluchador.info\/index.php?rest_route=\/wp\/v2\/posts"}],"about":[{"href":"https:\/\/elluchador.info\/index.php?rest_route=\/wp\/v2\/types\/post"}],"author":[{"embeddable":true,"href":"https:\/\/elluchador.info\/index.php?rest_route=\/wp\/v2\/users\/2"}],"replies":[{"embeddable":true,"href":"https:\/\/elluchador.info\/index.php?rest_route=%2Fwp%2Fv2%2Fcomments&post=209057"}],"version-history":[{"count":1,"href":"https:\/\/elluchador.info\/index.php?rest_route=\/wp\/v2\/posts\/209057\/revisions"}],"predecessor-version":[{"id":209059,"href":"https:\/\/elluchador.info\/index.php?rest_route=\/wp\/v2\/posts\/209057\/revisions\/209059"}],"wp:featuredmedia":[{"embeddable":true,"href":"https:\/\/elluchador.info\/index.php?rest_route=\/wp\/v2\/media\/209058"}],"wp:attachment":[{"href":"https:\/\/elluchador.info\/index.php?rest_route=%2Fwp%2Fv2%2Fmedia&parent=209057"}],"wp:term":[{"taxonomy":"category","embeddable":true,"href":"https:\/\/elluchador.info\/index.php?rest_route=%2Fwp%2Fv2%2Fcategories&post=209057"},{"taxonomy":"post_tag","embeddable":true,"href":"https:\/\/elluchador.info\/index.php?rest_route=%2Fwp%2Fv2%2Ftags&post=209057"}],"curies":[{"name":"wp","href":"https:\/\/api.w.org\/{rel}","templated":true}]}}