{"id":209060,"date":"2022-04-21T16:12:35","date_gmt":"2022-04-21T20:12:35","guid":{"rendered":"https:\/\/elluchador.info\/web\/?p=209060"},"modified":"2022-04-21T16:12:49","modified_gmt":"2022-04-21T20:12:49","slug":"el-23-de-abril-es-el-dia-internacional-del-libro","status":"publish","type":"post","link":"https:\/\/elluchador.info\/?p=209060","title":{"rendered":"El 23 de abril es el d\u00eda Internacional del Libro"},"content":{"rendered":"<p>El s\u00e1bado 23 de abril se celebra, como todos los a\u00f1os desde finales de la d\u00e9cada de los 80, el D\u00eda Internacional del Libro, una conmemoraci\u00f3n cuyo objetivo es fomentar la lectura, la industria editorial y la protecci\u00f3n de la propiedad intelectual por medio del derecho de autor.<\/p>\n<p>El mismo es un d\u00eda simb\u00f3lico para la literatura mundial,\u00a0ya que en 23 de abril nacieron o murieron autores prominentes\u00a0como Miguel de Cervantes, Garcilaso de la Vega, William Shakespeare, Maurice Druon, Haldor K.Laxness, Vladimir Nabokov, Josep Pla, Manuel Mej\u00eda Vallejo y William Wordsworth.<\/p>\n<p>As\u00ed, ferias, concursos, actividades, incluso programas con cuentacuentos son parte tambi\u00e9n de lo que algunos preparan para sacudir a ese esp\u00edritu lector que muchos llevan por dentro.<\/p>\n<p>Sumarium<\/p>\n","protected":false},"excerpt":{"rendered":"<p>El s\u00e1bado 23 de abril se celebra, como todos los a\u00f1os desde finales de la d\u00e9cada de los 80, el D\u00eda Internacional del Libro, una conmemoraci\u00f3n cuyo objetivo es fomentar la lectura, la industria editorial y la protecci\u00f3n de la propiedad intelectual por medio del derecho de autor. El mismo es un d\u00eda simb\u00f3lico para [&hellip;]<\/p>\n","protected":false},"author":2,"featured_media":209061,"comment_status":"closed","ping_status":"closed","sticky":false,"template":"","format":"standard","meta":{"footnotes":""},"categories":[5,24],"tags":[483,1048,1047],"class_list":{"0":"post-209060","1":"post","2":"type-post","3":"status-publish","4":"format-standard","5":"has-post-thumbnail","7":"category-destacado","8":"category-efemerides","9":"tag-abril","10":"tag-ferias","11":"tag-internacional-del-libro"},"_links":{"self":[{"href":"https:\/\/elluchador.info\/index.php?rest_route=\/wp\/v2\/posts\/209060","targetHints":{"allow":["GET"]}}],"collection":[{"href":"https:\/\/elluchador.info\/index.php?rest_route=\/wp\/v2\/posts"}],"about":[{"href":"https:\/\/elluchador.info\/index.php?rest_route=\/wp\/v2\/types\/post"}],"author":[{"embeddable":true,"href":"https:\/\/elluchador.info\/index.php?rest_route=\/wp\/v2\/users\/2"}],"replies":[{"embeddable":true,"href":"https:\/\/elluchador.info\/index.php?rest_route=%2Fwp%2Fv2%2Fcomments&post=209060"}],"version-history":[{"count":2,"href":"https:\/\/elluchador.info\/index.php?rest_route=\/wp\/v2\/posts\/209060\/revisions"}],"predecessor-version":[{"id":209063,"href":"https:\/\/elluchador.info\/index.php?rest_route=\/wp\/v2\/posts\/209060\/revisions\/209063"}],"wp:featuredmedia":[{"embeddable":true,"href":"https:\/\/elluchador.info\/index.php?rest_route=\/wp\/v2\/media\/209061"}],"wp:attachment":[{"href":"https:\/\/elluchador.info\/index.php?rest_route=%2Fwp%2Fv2%2Fmedia&parent=209060"}],"wp:term":[{"taxonomy":"category","embeddable":true,"href":"https:\/\/elluchador.info\/index.php?rest_route=%2Fwp%2Fv2%2Fcategories&post=209060"},{"taxonomy":"post_tag","embeddable":true,"href":"https:\/\/elluchador.info\/index.php?rest_route=%2Fwp%2Fv2%2Ftags&post=209060"}],"curies":[{"name":"wp","href":"https:\/\/api.w.org\/{rel}","templated":true}]}}